{"id":1190,"date":"2020-02-19T15:08:09","date_gmt":"2020-02-19T14:08:09","guid":{"rendered":"http:\/\/paredesseguridad.com\/blog\/?p=1190"},"modified":"2020-02-19T15:42:06","modified_gmt":"2020-02-19T14:42:06","slug":"volvemos-a-sicur-en-su-xxii-edicion","status":"publish","type":"post","link":"https:\/\/paredesseguridad.com\/blog\/volvemos-a-sicur-en-su-xxii-edicion\/","title":{"rendered":"Volvemos a SICUR en su XXII Edici\u00f3n"},"content":{"rendered":"\n<h2 class=\"wp-block-heading\">Paredes Seguridad vuelve un a\u00f1o m\u00e1s a tener presencia en el gran encuentro internacional de la seguridad en Espa\u00f1a, SICUR.<\/h2>\n\n\n\n<p>Vuelve el evento m\u00e1s esperado en materia de <strong>Seguridad Laboral <\/strong>internacional a Espa\u00f1a, concretamente a<strong> <a rel=\"noreferrer noopener\" aria-label=\"IFEMA (opens in a new tab)\" href=\"https:\/\/www.ifema.es\/sicur\" target=\"_blank\">IFEMA<\/a><\/strong>, Madrid. Ya est\u00e1 aqu\u00ed la <strong>XXII Edici\u00f3n de <\/strong><a rel=\"noreferrer noopener\" aria-label=\"SICUR (opens in a new tab)\" href=\"https:\/\/www.ifema.es\/sicur\" target=\"_blank\"><strong>SICUR<\/strong><\/a>.<\/p>\n\n\n\n<p>Y como en cada Edici\u00f3n, <strong><a rel=\"noreferrer noopener\" aria-label=\"Paredes Seguridad (opens in a new tab)\" href=\"https:\/\/www.paredesseguridad.com\/\" target=\"_blank\">Paredes Seguridad<\/a> <\/strong>volver\u00e1 a tener presencia.<\/p>\n\n\n\n<p>Enfocaremos nuestra presentaci\u00f3n de la marca en tres grandes puntos:<\/p>\n\n\n\n<ul class=\"wp-block-list\"><li><strong>Desarrollos e innovaci\u00f3n de nuevos modelos<\/strong><\/li><li><strong>Presentaci\u00f3n de nuestro Laboratorio propio<\/strong><\/li><li><strong>Presentaci\u00f3n de nuestro Equipo Humano<\/strong><\/li><\/ul>\n\n\n\n<p>Ya son diez ediciones consecutivas eligiendo el <strong><a rel=\"noreferrer noopener\" aria-label=\"Sal\u00f3n Internacional de la Seguridad (SICUR) (opens in a new tab)\" href=\"https:\/\/www.ifema.es\/sicur\" target=\"_blank\">Sal\u00f3n Internacional de la Seguridad (SICUR)<\/a><\/strong> para presentarte todas nuestras novedades e innovaciones en nuestro<strong> calzado de seguridad laboral<\/strong>. En este 2020, estamos desando presentarte tambi\u00e9n nuestro equipo, nuestras instalaciones y c\u00f3mo no, nuestro reci\u00e9n estrenado <strong>laboratorio<\/strong> propio.<\/p>\n\n\n\n<div class=\"wp-block-image\"><figure class=\"aligncenter size-full\"><img data-recalc-dims=\"1\" fetchpriority=\"high\" decoding=\"async\" width=\"860\" height=\"880\" data-attachment-id=\"1007\" data-permalink=\"https:\/\/paredesseguridad.com\/blog\/presentamos-nuestro-calzado-de-seguridad-mas-innovador-en-la-feria-aa\/unknown\/\" data-orig-file=\"https:\/\/i0.wp.com\/paredesseguridad.com\/blog\/wp-content\/uploads\/2019\/11\/Unknown.jpeg?fit=1879%2C1922&amp;ssl=1\" data-orig-size=\"1879,1922\" data-comments-opened=\"1\" data-image-meta=\"{&quot;aperture&quot;:&quot;0&quot;,&quot;credit&quot;:&quot;&quot;,&quot;camera&quot;:&quot;&quot;,&quot;caption&quot;:&quot;&quot;,&quot;created_timestamp&quot;:&quot;0&quot;,&quot;copyright&quot;:&quot;&quot;,&quot;focal_length&quot;:&quot;0&quot;,&quot;iso&quot;:&quot;0&quot;,&quot;shutter_speed&quot;:&quot;0&quot;,&quot;title&quot;:&quot;&quot;,&quot;orientation&quot;:&quot;0&quot;}\" data-image-title=\"Unknown\" data-image-description=\"\" data-image-caption=\"\" data-medium-file=\"https:\/\/i0.wp.com\/paredesseguridad.com\/blog\/wp-content\/uploads\/2019\/11\/Unknown.jpeg?fit=293%2C300&amp;ssl=1\" data-large-file=\"https:\/\/i0.wp.com\/paredesseguridad.com\/blog\/wp-content\/uploads\/2019\/11\/Unknown.jpeg?fit=860%2C880&amp;ssl=1\" tabindex=\"0\" role=\"button\" src=\"https:\/\/i0.wp.com\/paredesseguridad.com\/blog\/wp-content\/uploads\/2019\/11\/Unknown.jpeg?resize=860%2C880&#038;ssl=1\" alt=\"Equipo Paredes Seguridad en Feria internaciona de la Seguridad en Berlin\" class=\"wp-image-1007\" srcset=\"https:\/\/i0.wp.com\/paredesseguridad.com\/blog\/wp-content\/uploads\/2019\/11\/Unknown.jpeg?w=1879&amp;ssl=1 1879w, https:\/\/i0.wp.com\/paredesseguridad.com\/blog\/wp-content\/uploads\/2019\/11\/Unknown.jpeg?resize=293%2C300&amp;ssl=1 293w, https:\/\/i0.wp.com\/paredesseguridad.com\/blog\/wp-content\/uploads\/2019\/11\/Unknown.jpeg?resize=1001%2C1024&amp;ssl=1 1001w, https:\/\/i0.wp.com\/paredesseguridad.com\/blog\/wp-content\/uploads\/2019\/11\/Unknown.jpeg?resize=768%2C786&amp;ssl=1 768w, https:\/\/i0.wp.com\/paredesseguridad.com\/blog\/wp-content\/uploads\/2019\/11\/Unknown.jpeg?resize=1502%2C1536&amp;ssl=1 1502w, https:\/\/i0.wp.com\/paredesseguridad.com\/blog\/wp-content\/uploads\/2019\/11\/Unknown.jpeg?w=1720 1720w\" sizes=\"(max-width: 860px) 100vw, 860px\" \/><\/figure><\/div>\n\n\n\n<p>Una afluencia de m\u00e1s de 40.000 visitantes nos espera, brind\u00e1ndonos nuevas oportunidades de presentar nuestros modelos de calzado, avances, materiales y funcionalidades. <strong>SICUR ofrece a Paredes Seguridad una gran oportunidad de dar a conocer a nuevos mercados<\/strong> nuestro producto especializado en seguridad, comodidad e innovaci\u00f3n. Como compa\u00f1\u00eda internacional que somos, un evento de semejante magnitud es una <strong>gran oportunidad de crecimiento y expansi\u00f3n.<\/strong><\/p>\n\n\n\n<h3 class=\"wp-block-heading\">NUEVOS DESARROLLOS<\/h3>\n\n\n\n<p>En esta Edici\u00f3n de <strong>SICUR XXII<\/strong>, podremos presentar <strong>nuevos modelos <\/strong>que ya est\u00e1n siendo un \u00e9xito entre nuestros clientes actuales como son los nuevos modelos <strong><a rel=\"noreferrer noopener\" aria-label=\"Amer (opens in a new tab)\" href=\"https:\/\/www.paredesseguridad.com\/producto\/132\/sp5173_amber\/\" target=\"_blank\">Amber<\/a>, <a rel=\"noreferrer noopener\" aria-label=\"Jet (opens in a new tab)\" href=\"https:\/\/www.paredesseguridad.com\/buscador\/?q=jet\" target=\"_blank\">Jet<\/a> y Monza<\/strong>, las \u00faltimas incorporaciones. Hablaremos de los nuevos desaf\u00edos en materia de sosteniblidad y responsabilidad medioambiental. Mostraremos la implementaci\u00f3n de nuevos materiales reciclados, en los que ya estamos inmersos, con nuestro modelo <strong><a rel=\"noreferrer noopener\" aria-label=\"Cheste (opens in a new tab)\" href=\"https:\/\/www.paredesseguridad.com\/producto\/4\/sp5045_cheste\/\" target=\"_blank\">Cheste<\/a><\/strong>. <\/p>\n\n\n\n<figure class=\"wp-block-gallery columns-3 is-cropped wp-block-gallery-1 is-layout-flex wp-block-gallery-is-layout-flex\"><ul class=\"blocks-gallery-grid\"><li class=\"blocks-gallery-item\"><figure><img data-recalc-dims=\"1\" decoding=\"async\" width=\"860\" height=\"860\" data-attachment-id=\"1197\" data-permalink=\"https:\/\/paredesseguridad.com\/blog\/calzado-seguridad-jerez-paredes-seguridad\/\" data-orig-file=\"https:\/\/i0.wp.com\/paredesseguridad.com\/blog\/wp-content\/uploads\/2020\/02\/CALZADO-SEGURIDAD-JEREZ-PAREDES-SEGURIDAD.jpg?fit=1353%2C1353&amp;ssl=1\" data-orig-size=\"1353,1353\" data-comments-opened=\"1\" data-image-meta=\"{&quot;aperture&quot;:&quot;0&quot;,&quot;credit&quot;:&quot;&quot;,&quot;camera&quot;:&quot;&quot;,&quot;caption&quot;:&quot;&quot;,&quot;created_timestamp&quot;:&quot;0&quot;,&quot;copyright&quot;:&quot;&quot;,&quot;focal_length&quot;:&quot;0&quot;,&quot;iso&quot;:&quot;0&quot;,&quot;shutter_speed&quot;:&quot;0&quot;,&quot;title&quot;:&quot;&quot;,&quot;orientation&quot;:&quot;0&quot;}\" data-image-title=\"CALZADO-SEGURIDAD-JEREZ-PAREDES-SEGURIDAD\" data-image-description=\"\" data-image-caption=\"&lt;p&gt;Calzado de Seguridad Paredes &#8211; Modelo Jerez&lt;\/p&gt;\n\" data-medium-file=\"https:\/\/i0.wp.com\/paredesseguridad.com\/blog\/wp-content\/uploads\/2020\/02\/CALZADO-SEGURIDAD-JEREZ-PAREDES-SEGURIDAD.jpg?fit=300%2C300&amp;ssl=1\" data-large-file=\"https:\/\/i0.wp.com\/paredesseguridad.com\/blog\/wp-content\/uploads\/2020\/02\/CALZADO-SEGURIDAD-JEREZ-PAREDES-SEGURIDAD.jpg?fit=860%2C860&amp;ssl=1\" tabindex=\"0\" role=\"button\" src=\"https:\/\/i0.wp.com\/paredesseguridad.com\/blog\/wp-content\/uploads\/2020\/02\/CALZADO-SEGURIDAD-JEREZ-PAREDES-SEGURIDAD-1024x1024.jpg?resize=860%2C860&#038;ssl=1\" alt=\"Calzado de Seguridad Paredes Jerez\" data-id=\"1197\" data-full-url=\"https:\/\/paredesseguridad.com\/blog\/wp-content\/uploads\/2020\/02\/CALZADO-SEGURIDAD-JEREZ-PAREDES-SEGURIDAD.jpg\" data-link=\"http:\/\/paredesseguridad.com\/blog\/calzado-seguridad-jerez-paredes-seguridad\/\" class=\"wp-image-1197\" srcset=\"https:\/\/i0.wp.com\/paredesseguridad.com\/blog\/wp-content\/uploads\/2020\/02\/CALZADO-SEGURIDAD-JEREZ-PAREDES-SEGURIDAD.jpg?resize=1024%2C1024&amp;ssl=1 1024w, https:\/\/i0.wp.com\/paredesseguridad.com\/blog\/wp-content\/uploads\/2020\/02\/CALZADO-SEGURIDAD-JEREZ-PAREDES-SEGURIDAD.jpg?resize=300%2C300&amp;ssl=1 300w, https:\/\/i0.wp.com\/paredesseguridad.com\/blog\/wp-content\/uploads\/2020\/02\/CALZADO-SEGURIDAD-JEREZ-PAREDES-SEGURIDAD.jpg?resize=150%2C150&amp;ssl=1 150w, https:\/\/i0.wp.com\/paredesseguridad.com\/blog\/wp-content\/uploads\/2020\/02\/CALZADO-SEGURIDAD-JEREZ-PAREDES-SEGURIDAD.jpg?resize=768%2C768&amp;ssl=1 768w, https:\/\/i0.wp.com\/paredesseguridad.com\/blog\/wp-content\/uploads\/2020\/02\/CALZADO-SEGURIDAD-JEREZ-PAREDES-SEGURIDAD.jpg?w=1353&amp;ssl=1 1353w\" sizes=\"(max-width: 860px) 100vw, 860px\" \/><figcaption class=\"blocks-gallery-item__caption\">Calzado de Seguridad Paredes &#8211; Modelo Jerez<\/figcaption><\/figure><\/li><li class=\"blocks-gallery-item\"><figure><img data-recalc-dims=\"1\" decoding=\"async\" width=\"860\" height=\"860\" data-attachment-id=\"1198\" data-permalink=\"https:\/\/paredesseguridad.com\/blog\/calzado-seguridad-monza-paredes-seguridad\/\" data-orig-file=\"https:\/\/i0.wp.com\/paredesseguridad.com\/blog\/wp-content\/uploads\/2020\/02\/CALZADO-SEGURIDAD-MONZA-PAREDES-SEGURIDAD.jpg?fit=1353%2C1353&amp;ssl=1\" data-orig-size=\"1353,1353\" data-comments-opened=\"1\" data-image-meta=\"{&quot;aperture&quot;:&quot;0&quot;,&quot;credit&quot;:&quot;&quot;,&quot;camera&quot;:&quot;&quot;,&quot;caption&quot;:&quot;&quot;,&quot;created_timestamp&quot;:&quot;0&quot;,&quot;copyright&quot;:&quot;&quot;,&quot;focal_length&quot;:&quot;0&quot;,&quot;iso&quot;:&quot;0&quot;,&quot;shutter_speed&quot;:&quot;0&quot;,&quot;title&quot;:&quot;&quot;,&quot;orientation&quot;:&quot;0&quot;}\" data-image-title=\"CALZADO-SEGURIDAD-MONZA-PAREDES-SEGURIDAD\" data-image-description=\"\" data-image-caption=\"&lt;p&gt;Calzado de Seguridad Paredes &#8211; Modelo Monza&lt;\/p&gt;\n\" data-medium-file=\"https:\/\/i0.wp.com\/paredesseguridad.com\/blog\/wp-content\/uploads\/2020\/02\/CALZADO-SEGURIDAD-MONZA-PAREDES-SEGURIDAD.jpg?fit=300%2C300&amp;ssl=1\" data-large-file=\"https:\/\/i0.wp.com\/paredesseguridad.com\/blog\/wp-content\/uploads\/2020\/02\/CALZADO-SEGURIDAD-MONZA-PAREDES-SEGURIDAD.jpg?fit=860%2C860&amp;ssl=1\" tabindex=\"0\" role=\"button\" src=\"https:\/\/i0.wp.com\/paredesseguridad.com\/blog\/wp-content\/uploads\/2020\/02\/CALZADO-SEGURIDAD-MONZA-PAREDES-SEGURIDAD-1024x1024.jpg?resize=860%2C860&#038;ssl=1\" alt=\"Calzado de Seguridad Paredes Monza\" data-id=\"1198\" data-full-url=\"https:\/\/paredesseguridad.com\/blog\/wp-content\/uploads\/2020\/02\/CALZADO-SEGURIDAD-MONZA-PAREDES-SEGURIDAD.jpg\" data-link=\"http:\/\/paredesseguridad.com\/blog\/calzado-seguridad-monza-paredes-seguridad\/\" class=\"wp-image-1198\" srcset=\"https:\/\/i0.wp.com\/paredesseguridad.com\/blog\/wp-content\/uploads\/2020\/02\/CALZADO-SEGURIDAD-MONZA-PAREDES-SEGURIDAD.jpg?resize=1024%2C1024&amp;ssl=1 1024w, https:\/\/i0.wp.com\/paredesseguridad.com\/blog\/wp-content\/uploads\/2020\/02\/CALZADO-SEGURIDAD-MONZA-PAREDES-SEGURIDAD.jpg?resize=300%2C300&amp;ssl=1 300w, https:\/\/i0.wp.com\/paredesseguridad.com\/blog\/wp-content\/uploads\/2020\/02\/CALZADO-SEGURIDAD-MONZA-PAREDES-SEGURIDAD.jpg?resize=150%2C150&amp;ssl=1 150w, https:\/\/i0.wp.com\/paredesseguridad.com\/blog\/wp-content\/uploads\/2020\/02\/CALZADO-SEGURIDAD-MONZA-PAREDES-SEGURIDAD.jpg?resize=768%2C768&amp;ssl=1 768w, https:\/\/i0.wp.com\/paredesseguridad.com\/blog\/wp-content\/uploads\/2020\/02\/CALZADO-SEGURIDAD-MONZA-PAREDES-SEGURIDAD.jpg?w=1353&amp;ssl=1 1353w\" sizes=\"(max-width: 860px) 100vw, 860px\" \/><figcaption class=\"blocks-gallery-item__caption\">Calzado de Seguridad Paredes &#8211; Modelo Monza<\/figcaption><\/figure><\/li><li class=\"blocks-gallery-item\"><figure><img data-recalc-dims=\"1\" loading=\"lazy\" decoding=\"async\" width=\"860\" height=\"860\" data-attachment-id=\"1196\" data-permalink=\"https:\/\/paredesseguridad.com\/blog\/calzado-seguridad-amer-jet-paredes-seguridad\/\" data-orig-file=\"https:\/\/i0.wp.com\/paredesseguridad.com\/blog\/wp-content\/uploads\/2020\/02\/CALZADO-SEGURIDAD-AMER-JET-PAREDES-SEGURIDAD.jpg?fit=1353%2C1353&amp;ssl=1\" data-orig-size=\"1353,1353\" data-comments-opened=\"1\" data-image-meta=\"{&quot;aperture&quot;:&quot;0&quot;,&quot;credit&quot;:&quot;&quot;,&quot;camera&quot;:&quot;&quot;,&quot;caption&quot;:&quot;&quot;,&quot;created_timestamp&quot;:&quot;0&quot;,&quot;copyright&quot;:&quot;&quot;,&quot;focal_length&quot;:&quot;0&quot;,&quot;iso&quot;:&quot;0&quot;,&quot;shutter_speed&quot;:&quot;0&quot;,&quot;title&quot;:&quot;&quot;,&quot;orientation&quot;:&quot;0&quot;}\" data-image-title=\"CALZADO-SEGURIDAD-AMER-JET-PAREDES-SEGURIDAD\" data-image-description=\"\" data-image-caption=\"&lt;p&gt;Calzado de Seguridad Paredes &#8211; Modelos Amer y Jet&lt;\/p&gt;\n\" data-medium-file=\"https:\/\/i0.wp.com\/paredesseguridad.com\/blog\/wp-content\/uploads\/2020\/02\/CALZADO-SEGURIDAD-AMER-JET-PAREDES-SEGURIDAD.jpg?fit=300%2C300&amp;ssl=1\" data-large-file=\"https:\/\/i0.wp.com\/paredesseguridad.com\/blog\/wp-content\/uploads\/2020\/02\/CALZADO-SEGURIDAD-AMER-JET-PAREDES-SEGURIDAD.jpg?fit=860%2C860&amp;ssl=1\" tabindex=\"0\" role=\"button\" src=\"https:\/\/i0.wp.com\/paredesseguridad.com\/blog\/wp-content\/uploads\/2020\/02\/CALZADO-SEGURIDAD-AMER-JET-PAREDES-SEGURIDAD-1024x1024.jpg?resize=860%2C860&#038;ssl=1\" alt=\"Calzado de Seguridad Paredes Amer y Jet\" data-id=\"1196\" data-full-url=\"https:\/\/paredesseguridad.com\/blog\/wp-content\/uploads\/2020\/02\/CALZADO-SEGURIDAD-AMER-JET-PAREDES-SEGURIDAD.jpg\" data-link=\"http:\/\/paredesseguridad.com\/blog\/calzado-seguridad-amer-jet-paredes-seguridad\/\" class=\"wp-image-1196\" srcset=\"https:\/\/i0.wp.com\/paredesseguridad.com\/blog\/wp-content\/uploads\/2020\/02\/CALZADO-SEGURIDAD-AMER-JET-PAREDES-SEGURIDAD.jpg?resize=1024%2C1024&amp;ssl=1 1024w, https:\/\/i0.wp.com\/paredesseguridad.com\/blog\/wp-content\/uploads\/2020\/02\/CALZADO-SEGURIDAD-AMER-JET-PAREDES-SEGURIDAD.jpg?resize=300%2C300&amp;ssl=1 300w, https:\/\/i0.wp.com\/paredesseguridad.com\/blog\/wp-content\/uploads\/2020\/02\/CALZADO-SEGURIDAD-AMER-JET-PAREDES-SEGURIDAD.jpg?resize=150%2C150&amp;ssl=1 150w, https:\/\/i0.wp.com\/paredesseguridad.com\/blog\/wp-content\/uploads\/2020\/02\/CALZADO-SEGURIDAD-AMER-JET-PAREDES-SEGURIDAD.jpg?resize=768%2C768&amp;ssl=1 768w, https:\/\/i0.wp.com\/paredesseguridad.com\/blog\/wp-content\/uploads\/2020\/02\/CALZADO-SEGURIDAD-AMER-JET-PAREDES-SEGURIDAD.jpg?w=1353&amp;ssl=1 1353w\" sizes=\"(max-width: 860px) 100vw, 860px\" \/><figcaption class=\"blocks-gallery-item__caption\">Calzado de Seguridad Paredes &#8211; Modelos Amber y Jet<\/figcaption><\/figure><\/li><\/ul><\/figure>\n\n\n\n<div class=\"wp-block-image\"><figure class=\"aligncenter size-large\"><a href=\"https:\/\/www.paredesseguridad.com\/producto\/4\/sp5045_cheste\/\" target=\"_blank\" rel=\"noreferrer noopener\"><img data-recalc-dims=\"1\" loading=\"lazy\" decoding=\"async\" width=\"860\" height=\"574\" data-attachment-id=\"1106\" data-permalink=\"https:\/\/paredesseguridad.com\/blog\/comienza-el-ano-con-la-mejor-proteccion-laboral\/cheste-1-copia\/\" data-orig-file=\"https:\/\/i0.wp.com\/paredesseguridad.com\/blog\/wp-content\/uploads\/2020\/01\/CHESTE-1-copia.jpg?fit=1200%2C800&amp;ssl=1\" data-orig-size=\"1200,800\" data-comments-opened=\"1\" data-image-meta=\"{&quot;aperture&quot;:&quot;0&quot;,&quot;credit&quot;:&quot;&quot;,&quot;camera&quot;:&quot;&quot;,&quot;caption&quot;:&quot;&quot;,&quot;created_timestamp&quot;:&quot;0&quot;,&quot;copyright&quot;:&quot;&quot;,&quot;focal_length&quot;:&quot;0&quot;,&quot;iso&quot;:&quot;0&quot;,&quot;shutter_speed&quot;:&quot;0&quot;,&quot;title&quot;:&quot;&quot;,&quot;orientation&quot;:&quot;1&quot;}\" data-image-title=\"CHESTE-1-copia\" data-image-description=\"\" data-image-caption=\"\" data-medium-file=\"https:\/\/i0.wp.com\/paredesseguridad.com\/blog\/wp-content\/uploads\/2020\/01\/CHESTE-1-copia.jpg?fit=300%2C200&amp;ssl=1\" data-large-file=\"https:\/\/i0.wp.com\/paredesseguridad.com\/blog\/wp-content\/uploads\/2020\/01\/CHESTE-1-copia.jpg?fit=860%2C574&amp;ssl=1\" tabindex=\"0\" role=\"button\" src=\"https:\/\/i0.wp.com\/paredesseguridad.com\/blog\/wp-content\/uploads\/2020\/01\/CHESTE-1-copia-1024x683.jpg?resize=860%2C574&#038;ssl=1\" alt=\"\" class=\"wp-image-1106\" srcset=\"https:\/\/i0.wp.com\/paredesseguridad.com\/blog\/wp-content\/uploads\/2020\/01\/CHESTE-1-copia.jpg?resize=1024%2C683&amp;ssl=1 1024w, https:\/\/i0.wp.com\/paredesseguridad.com\/blog\/wp-content\/uploads\/2020\/01\/CHESTE-1-copia.jpg?resize=300%2C200&amp;ssl=1 300w, https:\/\/i0.wp.com\/paredesseguridad.com\/blog\/wp-content\/uploads\/2020\/01\/CHESTE-1-copia.jpg?resize=768%2C512&amp;ssl=1 768w, https:\/\/i0.wp.com\/paredesseguridad.com\/blog\/wp-content\/uploads\/2020\/01\/CHESTE-1-copia.jpg?w=1200&amp;ssl=1 1200w\" sizes=\"(max-width: 860px) 100vw, 860px\" \/><\/a><\/figure><\/div>\n\n\n\n<h3 class=\"wp-block-heading\">NUESTRO LABORATORIO PROPIO<\/h3>\n\n\n\n<p>Por primera vez en el gran <strong>Sal\u00f3n Internacional de la Seguridad<\/strong>, nuestra marca va a destacar por ser la primera con contar con una laboratorio de calzado propio en el evento. Llevaremos a cabo experimentos en directo para que puedas comprobar de primera mano como realizamos a cabo nuestras pruebas y ensayos. <strong>Nuestro laboratorio es una pieza clave en Paredes Seguridad<\/strong>, pues nos brinda la posibilidad de trabajar innovaci\u00f3n, investigaci\u00f3n y avance en nuestros productos.<\/p>\n\n\n\n<div class=\"wp-block-image\"><figure class=\"aligncenter size-full\"><a href=\"https:\/\/www.paredesseguridad.com\/producto\/122\/sp5049_galio\/\" target=\"_blank\" rel=\"noreferrer noopener\"><img data-recalc-dims=\"1\" loading=\"lazy\" decoding=\"async\" width=\"860\" height=\"573\" data-attachment-id=\"797\" data-permalink=\"https:\/\/paredesseguridad.com\/blog\/inauguramos-laboratorio-propio-de-ensayos\/laboratorio-paredes-seguridad-45\/\" data-orig-file=\"https:\/\/i0.wp.com\/paredesseguridad.com\/blog\/wp-content\/uploads\/2019\/09\/Laboratorio-Paredes-Seguridad-45.jpg?fit=1500%2C1000&amp;ssl=1\" data-orig-size=\"1500,1000\" data-comments-opened=\"1\" data-image-meta=\"{&quot;aperture&quot;:&quot;0&quot;,&quot;credit&quot;:&quot;&quot;,&quot;camera&quot;:&quot;&quot;,&quot;caption&quot;:&quot;&quot;,&quot;created_timestamp&quot;:&quot;0&quot;,&quot;copyright&quot;:&quot;&quot;,&quot;focal_length&quot;:&quot;0&quot;,&quot;iso&quot;:&quot;0&quot;,&quot;shutter_speed&quot;:&quot;0&quot;,&quot;title&quot;:&quot;&quot;,&quot;orientation&quot;:&quot;0&quot;}\" data-image-title=\"Laboratorio-Paredes-Seguridad-45\" data-image-description=\"\" data-image-caption=\"&lt;p&gt;Ensayos sobre Calzado de Seguridad en el Laboratorio propio de Paredes&lt;\/p&gt;\n\" data-medium-file=\"https:\/\/i0.wp.com\/paredesseguridad.com\/blog\/wp-content\/uploads\/2019\/09\/Laboratorio-Paredes-Seguridad-45.jpg?fit=300%2C200&amp;ssl=1\" data-large-file=\"https:\/\/i0.wp.com\/paredesseguridad.com\/blog\/wp-content\/uploads\/2019\/09\/Laboratorio-Paredes-Seguridad-45.jpg?fit=860%2C574&amp;ssl=1\" tabindex=\"0\" role=\"button\" src=\"https:\/\/i0.wp.com\/paredesseguridad.com\/blog\/wp-content\/uploads\/2019\/09\/Laboratorio-Paredes-Seguridad-45.jpg?resize=860%2C573&#038;ssl=1\" alt=\"Prueba de abrasi\u00f3n de tejidos en calzado laboral\" class=\"wp-image-797\" srcset=\"https:\/\/i0.wp.com\/paredesseguridad.com\/blog\/wp-content\/uploads\/2019\/09\/Laboratorio-Paredes-Seguridad-45.jpg?w=1500&amp;ssl=1 1500w, https:\/\/i0.wp.com\/paredesseguridad.com\/blog\/wp-content\/uploads\/2019\/09\/Laboratorio-Paredes-Seguridad-45.jpg?resize=300%2C200&amp;ssl=1 300w, https:\/\/i0.wp.com\/paredesseguridad.com\/blog\/wp-content\/uploads\/2019\/09\/Laboratorio-Paredes-Seguridad-45.jpg?resize=768%2C512&amp;ssl=1 768w, https:\/\/i0.wp.com\/paredesseguridad.com\/blog\/wp-content\/uploads\/2019\/09\/Laboratorio-Paredes-Seguridad-45.jpg?resize=1024%2C683&amp;ssl=1 1024w\" sizes=\"(max-width: 860px) 100vw, 860px\" \/><\/a><figcaption>Ensayos sobre Calzado de Seguridad en el Laboratorio propio de Paredes<\/figcaption><\/figure><\/div>\n\n\n\n<div class=\"wp-block-image\"><figure class=\"aligncenter size-full\"><a href=\"https:\/\/paredesseguridad.com\/blog\/inauguramos-laboratorio-propio-de-ensayos\/\" target=\"_blank\" rel=\"noreferrer noopener\"><img data-recalc-dims=\"1\" loading=\"lazy\" decoding=\"async\" width=\"860\" height=\"573\" data-attachment-id=\"794\" data-permalink=\"https:\/\/paredesseguridad.com\/blog\/inauguramos-laboratorio-propio-de-ensayos\/laboratorio-paredes-seguridad-37\/\" data-orig-file=\"https:\/\/i0.wp.com\/paredesseguridad.com\/blog\/wp-content\/uploads\/2019\/09\/Laboratorio-Paredes-Seguridad-37.jpg?fit=1500%2C1000&amp;ssl=1\" data-orig-size=\"1500,1000\" data-comments-opened=\"1\" data-image-meta=\"{&quot;aperture&quot;:&quot;0&quot;,&quot;credit&quot;:&quot;&quot;,&quot;camera&quot;:&quot;&quot;,&quot;caption&quot;:&quot;&quot;,&quot;created_timestamp&quot;:&quot;0&quot;,&quot;copyright&quot;:&quot;&quot;,&quot;focal_length&quot;:&quot;0&quot;,&quot;iso&quot;:&quot;0&quot;,&quot;shutter_speed&quot;:&quot;0&quot;,&quot;title&quot;:&quot;&quot;,&quot;orientation&quot;:&quot;0&quot;}\" data-image-title=\"Laboratorio-Paredes-Seguridad-37\" data-image-description=\"\" data-image-caption=\"\" data-medium-file=\"https:\/\/i0.wp.com\/paredesseguridad.com\/blog\/wp-content\/uploads\/2019\/09\/Laboratorio-Paredes-Seguridad-37.jpg?fit=300%2C200&amp;ssl=1\" data-large-file=\"https:\/\/i0.wp.com\/paredesseguridad.com\/blog\/wp-content\/uploads\/2019\/09\/Laboratorio-Paredes-Seguridad-37.jpg?fit=860%2C574&amp;ssl=1\" tabindex=\"0\" role=\"button\" src=\"https:\/\/i0.wp.com\/paredesseguridad.com\/blog\/wp-content\/uploads\/2019\/09\/Laboratorio-Paredes-Seguridad-37.jpg?resize=860%2C573&#038;ssl=1\" alt=\"Prueba Flexi\u00f3n de Suelas en calzado laboral\" class=\"wp-image-794\" srcset=\"https:\/\/i0.wp.com\/paredesseguridad.com\/blog\/wp-content\/uploads\/2019\/09\/Laboratorio-Paredes-Seguridad-37.jpg?w=1500&amp;ssl=1 1500w, https:\/\/i0.wp.com\/paredesseguridad.com\/blog\/wp-content\/uploads\/2019\/09\/Laboratorio-Paredes-Seguridad-37.jpg?resize=300%2C200&amp;ssl=1 300w, https:\/\/i0.wp.com\/paredesseguridad.com\/blog\/wp-content\/uploads\/2019\/09\/Laboratorio-Paredes-Seguridad-37.jpg?resize=768%2C512&amp;ssl=1 768w, https:\/\/i0.wp.com\/paredesseguridad.com\/blog\/wp-content\/uploads\/2019\/09\/Laboratorio-Paredes-Seguridad-37.jpg?resize=1024%2C683&amp;ssl=1 1024w\" sizes=\"(max-width: 860px) 100vw, 860px\" \/><\/a><figcaption>M\u00e1s info sobre nuestro laboratorio y los ensayos realizados aqu\u00ed.<\/figcaption><\/figure><\/div>\n\n\n\n<h3 class=\"wp-block-heading\">EQUIPO PAREDES<\/h3>\n\n\n\n<p>Tambi\u00e9n podremos dar a conocer nuestro Equipo, cuyo ADN est\u00e1 compuesto por el significado de <strong>confianza, compromiso y responsabilidad<\/strong>. Sabemos que valoras el equipo humano que hay detr\u00e1s de una compa\u00f1\u00eda y nosotros estamos muy orgullosos del nuestro, compuesto por grandes profesionales que te garantizar\u00e1n en todo momento la atenci\u00f3n que necesitas.<\/p>\n\n\n\n<h3 class=\"wp-block-heading\">FECHA Y UBICACI\u00d3N DE STAND EN SICUR<\/h3>\n\n\n\n<p>En esta nueva <strong><a rel=\"noreferrer noopener\" aria-label=\"Edici\u00f3n SICUR XXII  (opens in a new tab)\" href=\"https:\/\/www.ifema.es\/sicur\" target=\"_blank\">Edici\u00f3n SICUR XXII <\/a><\/strong>el evento tendr\u00e1 lugar los d\u00edas&nbsp;<strong>25, 26, 27 y 28 de Febrero<\/strong>&nbsp;DE 2020 en IFEMA, Madrid. Nos podr\u00e1s encontrar en el <strong>Pabell\u00f3n 3<\/strong>, en el <strong>Stand 3C03<\/strong>. Estaremos encantados de recibir tu visita y atenderte en todo lo que necesites.<\/p>\n\n\n\n<div class=\"wp-block-image\"><figure class=\"aligncenter size-full\"><a href=\"https:\/\/paredesseguridad.com\/blog\/presentamos-nuestro-calzado-de-seguridad-mas-innovador-en-la-feria-aa\/\" target=\"_blank\" rel=\"noreferrer noopener\"><img data-recalc-dims=\"1\" loading=\"lazy\" decoding=\"async\" width=\"860\" height=\"573\" data-attachment-id=\"1201\" data-permalink=\"https:\/\/paredesseguridad.com\/blog\/volvemos-a-sicur-en-su-xxii-edicion\/stand-paredes-seguridad-sicur-2020-1\/\" data-orig-file=\"https:\/\/i0.wp.com\/paredesseguridad.com\/blog\/wp-content\/uploads\/2020\/02\/Stand-PAREDES-SEGURIDAD-SICUR-2020-1.jpeg?fit=1600%2C1066&amp;ssl=1\" data-orig-size=\"1600,1066\" data-comments-opened=\"1\" data-image-meta=\"{&quot;aperture&quot;:&quot;0&quot;,&quot;credit&quot;:&quot;&quot;,&quot;camera&quot;:&quot;&quot;,&quot;caption&quot;:&quot;&quot;,&quot;created_timestamp&quot;:&quot;0&quot;,&quot;copyright&quot;:&quot;&quot;,&quot;focal_length&quot;:&quot;0&quot;,&quot;iso&quot;:&quot;0&quot;,&quot;shutter_speed&quot;:&quot;0&quot;,&quot;title&quot;:&quot;&quot;,&quot;orientation&quot;:&quot;0&quot;}\" data-image-title=\"Stand-PAREDES-SEGURIDAD-SICUR-2020-1\" data-image-description=\"\" data-image-caption=\"\" data-medium-file=\"https:\/\/i0.wp.com\/paredesseguridad.com\/blog\/wp-content\/uploads\/2020\/02\/Stand-PAREDES-SEGURIDAD-SICUR-2020-1.jpeg?fit=300%2C200&amp;ssl=1\" data-large-file=\"https:\/\/i0.wp.com\/paredesseguridad.com\/blog\/wp-content\/uploads\/2020\/02\/Stand-PAREDES-SEGURIDAD-SICUR-2020-1.jpeg?fit=860%2C573&amp;ssl=1\" tabindex=\"0\" role=\"button\" src=\"https:\/\/i0.wp.com\/paredesseguridad.com\/blog\/wp-content\/uploads\/2020\/02\/Stand-PAREDES-SEGURIDAD-SICUR-2020-1.jpeg?resize=860%2C573&#038;ssl=1\" alt=\"\" class=\"wp-image-1201\" srcset=\"https:\/\/i0.wp.com\/paredesseguridad.com\/blog\/wp-content\/uploads\/2020\/02\/Stand-PAREDES-SEGURIDAD-SICUR-2020-1.jpeg?w=1600&amp;ssl=1 1600w, https:\/\/i0.wp.com\/paredesseguridad.com\/blog\/wp-content\/uploads\/2020\/02\/Stand-PAREDES-SEGURIDAD-SICUR-2020-1.jpeg?resize=300%2C200&amp;ssl=1 300w, https:\/\/i0.wp.com\/paredesseguridad.com\/blog\/wp-content\/uploads\/2020\/02\/Stand-PAREDES-SEGURIDAD-SICUR-2020-1.jpeg?resize=1024%2C682&amp;ssl=1 1024w, https:\/\/i0.wp.com\/paredesseguridad.com\/blog\/wp-content\/uploads\/2020\/02\/Stand-PAREDES-SEGURIDAD-SICUR-2020-1.jpeg?resize=768%2C512&amp;ssl=1 768w, https:\/\/i0.wp.com\/paredesseguridad.com\/blog\/wp-content\/uploads\/2020\/02\/Stand-PAREDES-SEGURIDAD-SICUR-2020-1.jpeg?resize=1536%2C1023&amp;ssl=1 1536w\" sizes=\"(max-width: 860px) 100vw, 860px\" \/><\/a><figcaption>Echa un vistazo a m\u00e1s de nuestras Ferias aqu\u00ed.<\/figcaption><\/figure><\/div>\n\n\n\n<h4 class=\"has-text-align-center wp-block-heading\"><strong>LOCALIZACI\u00d3N DEL STAND DE PAREDES SEGURIDAD<\/strong> | <strong>PABELL\u00d3N 3 &#8211; STAND 3C03<\/strong> <\/h4>\n\n\n\n<div class=\"wp-block-image\"><figure class=\"aligncenter size-full\"><a href=\"https:\/\/www.paredesseguridad.com\/producto\/132\/sp5173_amber\/\" target=\"_blank\" rel=\"noreferrer noopener\"><img data-recalc-dims=\"1\" loading=\"lazy\" decoding=\"async\" width=\"860\" height=\"860\" data-attachment-id=\"1200\" data-permalink=\"https:\/\/paredesseguridad.com\/blog\/volvemos-a-sicur-en-su-xxii-edicion\/sicur-2020-paredes-seguridad\/\" data-orig-file=\"https:\/\/i0.wp.com\/paredesseguridad.com\/blog\/wp-content\/uploads\/2020\/02\/SICUR-2020-Paredes-Seguridad.jpeg?fit=1600%2C1600&amp;ssl=1\" data-orig-size=\"1600,1600\" data-comments-opened=\"1\" data-image-meta=\"{&quot;aperture&quot;:&quot;0&quot;,&quot;credit&quot;:&quot;&quot;,&quot;camera&quot;:&quot;&quot;,&quot;caption&quot;:&quot;&quot;,&quot;created_timestamp&quot;:&quot;0&quot;,&quot;copyright&quot;:&quot;&quot;,&quot;focal_length&quot;:&quot;0&quot;,&quot;iso&quot;:&quot;0&quot;,&quot;shutter_speed&quot;:&quot;0&quot;,&quot;title&quot;:&quot;&quot;,&quot;orientation&quot;:&quot;0&quot;}\" data-image-title=\"SICUR-2020-Paredes-Seguridad\" data-image-description=\"\" data-image-caption=\"\" data-medium-file=\"https:\/\/i0.wp.com\/paredesseguridad.com\/blog\/wp-content\/uploads\/2020\/02\/SICUR-2020-Paredes-Seguridad.jpeg?fit=300%2C300&amp;ssl=1\" data-large-file=\"https:\/\/i0.wp.com\/paredesseguridad.com\/blog\/wp-content\/uploads\/2020\/02\/SICUR-2020-Paredes-Seguridad.jpeg?fit=860%2C860&amp;ssl=1\" tabindex=\"0\" role=\"button\" src=\"https:\/\/i0.wp.com\/paredesseguridad.com\/blog\/wp-content\/uploads\/2020\/02\/SICUR-2020-Paredes-Seguridad.jpeg?resize=860%2C860&#038;ssl=1\" alt=\"\" class=\"wp-image-1200\" srcset=\"https:\/\/i0.wp.com\/paredesseguridad.com\/blog\/wp-content\/uploads\/2020\/02\/SICUR-2020-Paredes-Seguridad.jpeg?w=1600&amp;ssl=1 1600w, https:\/\/i0.wp.com\/paredesseguridad.com\/blog\/wp-content\/uploads\/2020\/02\/SICUR-2020-Paredes-Seguridad.jpeg?resize=300%2C300&amp;ssl=1 300w, https:\/\/i0.wp.com\/paredesseguridad.com\/blog\/wp-content\/uploads\/2020\/02\/SICUR-2020-Paredes-Seguridad.jpeg?resize=1024%2C1024&amp;ssl=1 1024w, https:\/\/i0.wp.com\/paredesseguridad.com\/blog\/wp-content\/uploads\/2020\/02\/SICUR-2020-Paredes-Seguridad.jpeg?resize=150%2C150&amp;ssl=1 150w, https:\/\/i0.wp.com\/paredesseguridad.com\/blog\/wp-content\/uploads\/2020\/02\/SICUR-2020-Paredes-Seguridad.jpeg?resize=768%2C768&amp;ssl=1 768w, https:\/\/i0.wp.com\/paredesseguridad.com\/blog\/wp-content\/uploads\/2020\/02\/SICUR-2020-Paredes-Seguridad.jpeg?resize=1536%2C1536&amp;ssl=1 1536w\" sizes=\"(max-width: 860px) 100vw, 860px\" \/><\/a><figcaption>Guarda esta imagen para acordarte de nuestra ubicaci\u00f3n si lo necesitas.<\/figcaption><\/figure><\/div>\n\n\n\n<p>Puedes conocer otras ferias internacionales en las que hemos participado, <strong><a rel=\"noreferrer noopener\" aria-label=\"aqu\u00ed. (opens in a new tab)\" href=\"https:\/\/paredesseguridad.com\/blog\/presentamos-nuestro-calzado-de-seguridad-mas-innovador-en-la-feria-aa\/\" target=\"_blank\">aqu\u00ed.<\/a><\/strong><\/p>\n\n\n\n<p>Para m\u00e1s informaci\u00f3n, puedes contactar con nosotros en el +34 966 630 052 o en <a href=\"mailto:info@paredesseguridad.com\">info@paredesseguridad.com<\/a>. Tambi\u00e9n puedes seguirnos en nuestras redes sociales:<\/p>\n\n\n\n<h4 class=\"has-text-align-center wp-block-heading\"><a href=\"https:\/\/www.instagram.com\/paredeseguridad\/\" target=\"_blank\" rel=\"noreferrer noopener\" aria-label=\"INSTAGRAM (opens in a new tab)\">INSTAGRAM<\/a> | <a href=\"https:\/\/twitter.com\/PAREDESeguridad\" target=\"_blank\" rel=\"noreferrer noopener\" aria-label=\"TWITTER (opens in a new tab)\">TWITTER<\/a> | <a href=\"https:\/\/www.facebook.com\/ParedesCalzadoSeguridad\/?modal=admin_todo_tour\" target=\"_blank\" rel=\"noreferrer noopener\" aria-label=\"FACEBOOK (opens in a new tab)\">FACEBOOK<\/a> | <a href=\"https:\/\/www.youtube.com\/channel\/UCnTPCUEG7qLMpDVOoyraqeQ\" target=\"_blank\" rel=\"noreferrer noopener\" aria-label=\"YOUTUBE (opens in a new tab)\">YOUTUBE<\/a><\/h4>\n\n\n\n<p>Te esperamos.<\/p>\n","protected":false},"excerpt":{"rendered":"<p>Paredes Seguridad vuelve un a\u00f1o m\u00e1s a tener presencia en el gran encuentro internacional de la seguridad en Espa\u00f1a, SICUR. Vuelve el evento m\u00e1s esperado en materia de Seguridad Laboral internacional a Espa\u00f1a, concretamente a IFEMA, Madrid. Ya est\u00e1 aqu\u00ed la XXII Edici\u00f3n de SICUR. Y como en cada Edici\u00f3n, Paredes Seguridad volver\u00e1 a tener [&hellip;]<\/p>\n","protected":false},"author":2,"featured_media":1207,"comment_status":"open","ping_status":"open","sticky":false,"template":"","format":"standard","meta":{"_jetpack_memberships_contains_paid_content":false,"footnotes":""},"categories":[1,4],"tags":[8,111,108,107,95,109,110],"class_list":["post-1190","post","type-post","status-publish","format-standard","has-post-thumbnail","hentry","category-blog","category-novedades-paredes-seguridad","tag-calzado-de-seguridad","tag-ferias-paredes-seguridad","tag-ifema","tag-salon-internacional-de-la-seguridad","tag-sicur","tag-sicur-2020","tag-sicur-xxii"],"better_featured_image":{"id":1207,"alt_text":"Paredes Seguridad asistencia SICUR 2020","caption":"","description":"","media_type":"image","media_details":{"width":1500,"height":1050,"file":"2020\/02\/Paredes-Seguridad-SICUR-2020.png","sizes":{"medium":{"file":"Paredes-Seguridad-SICUR-2020-300x210.png","width":300,"height":210,"mime-type":"image\/png","source_url":"https:\/\/i0.wp.com\/paredesseguridad.com\/blog\/wp-content\/uploads\/2020\/02\/Paredes-Seguridad-SICUR-2020.png?fit=300%2C210&ssl=1"},"large":{"file":"Paredes-Seguridad-SICUR-2020-1024x717.png","width":1024,"height":717,"mime-type":"image\/png","source_url":"https:\/\/i0.wp.com\/paredesseguridad.com\/blog\/wp-content\/uploads\/2020\/02\/Paredes-Seguridad-SICUR-2020.png?fit=860%2C602&ssl=1"},"thumbnail":{"file":"Paredes-Seguridad-SICUR-2020-150x150.png","width":150,"height":150,"mime-type":"image\/png","source_url":"https:\/\/i0.wp.com\/paredesseguridad.com\/blog\/wp-content\/uploads\/2020\/02\/Paredes-Seguridad-SICUR-2020.png?resize=150%2C150&ssl=1"},"medium_large":{"file":"Paredes-Seguridad-SICUR-2020-768x538.png","width":768,"height":538,"mime-type":"image\/png","source_url":"https:\/\/i0.wp.com\/paredesseguridad.com\/blog\/wp-content\/uploads\/2020\/02\/Paredes-Seguridad-SICUR-2020.png?fit=768%2C538&ssl=1"}},"image_meta":{"aperture":"0","credit":"","camera":"","caption":"","created_timestamp":"0","copyright":"","focal_length":"0","iso":"0","shutter_speed":"0","title":"","orientation":"0","keywords":[]}},"post":1190,"source_url":"https:\/\/paredesseguridad.com\/blog\/wp-content\/uploads\/2020\/02\/Paredes-Seguridad-SICUR-2020.png"},"yoast_head":"<!-- This site is optimized with the Yoast SEO plugin v23.4 - https:\/\/yoast.com\/wordpress\/plugins\/seo\/ -->\n<title>Volvemos a SICUR en su XXII Edici\u00f3n | Paredes Seguridad | Blog<\/title>\n<meta name=\"description\" content=\"Una Edici\u00f3n m\u00e1s, Paredes Seguridad vuelve a tener presencia en SICUR, el Sal\u00f3n Internacional de la Seguridad del 25 al 28 de Febrero de 2020.\" \/>\n<meta name=\"robots\" content=\"index, follow, max-snippet:-1, max-image-preview:large, max-video-preview:-1\" \/>\n<link rel=\"canonical\" href=\"https:\/\/paredesseguridad.com\/blog\/volvemos-a-sicur-en-su-xxii-edicion\/\" \/>\n<meta property=\"og:locale\" content=\"es_ES\" \/>\n<meta property=\"og:type\" content=\"article\" \/>\n<meta property=\"og:title\" content=\"Volvemos a SICUR en su XXII Edici\u00f3n | Paredes Seguridad | Blog\" \/>\n<meta property=\"og:description\" content=\"Una Edici\u00f3n m\u00e1s, Paredes Seguridad vuelve a tener presencia en SICUR, el Sal\u00f3n Internacional de la Seguridad del 25 al 28 de Febrero de 2020.\" \/>\n<meta property=\"og:url\" content=\"https:\/\/paredesseguridad.com\/blog\/volvemos-a-sicur-en-su-xxii-edicion\/\" \/>\n<meta property=\"og:site_name\" content=\"Blog de Paredes Seguridad\" \/>\n<meta property=\"article:published_time\" content=\"2020-02-19T14:08:09+00:00\" \/>\n<meta property=\"article:modified_time\" content=\"2020-02-19T14:42:06+00:00\" \/>\n<meta property=\"og:image\" content=\"https:\/\/i2.wp.com\/paredesseguridad.com\/blog\/wp-content\/uploads\/2020\/02\/Paredes-Seguridad-SICUR-2020.png?fit=1500%2C1050&ssl=1\" \/>\n\t<meta property=\"og:image:width\" content=\"1500\" \/>\n\t<meta property=\"og:image:height\" content=\"1050\" \/>\n\t<meta property=\"og:image:type\" content=\"image\/png\" \/>\n<meta name=\"author\" content=\"Paredes Seguridad Blog\" \/>\n<meta name=\"twitter:card\" content=\"summary_large_image\" \/>\n<meta name=\"twitter:label1\" content=\"Escrito por\" \/>\n\t<meta name=\"twitter:data1\" content=\"Paredes Seguridad Blog\" \/>\n\t<meta name=\"twitter:label2\" content=\"Tiempo de lectura\" \/>\n\t<meta name=\"twitter:data2\" content=\"3 minutos\" \/>\n<script type=\"application\/ld+json\" class=\"yoast-schema-graph\">{\"@context\":\"https:\/\/schema.org\",\"@graph\":[{\"@type\":\"WebPage\",\"@id\":\"https:\/\/paredesseguridad.com\/blog\/volvemos-a-sicur-en-su-xxii-edicion\/\",\"url\":\"https:\/\/paredesseguridad.com\/blog\/volvemos-a-sicur-en-su-xxii-edicion\/\",\"name\":\"Volvemos a SICUR en su XXII Edici\u00f3n | Paredes Seguridad | Blog\",\"isPartOf\":{\"@id\":\"https:\/\/paredesseguridad.com\/blog\/#website\"},\"primaryImageOfPage\":{\"@id\":\"https:\/\/paredesseguridad.com\/blog\/volvemos-a-sicur-en-su-xxii-edicion\/#primaryimage\"},\"image\":{\"@id\":\"https:\/\/paredesseguridad.com\/blog\/volvemos-a-sicur-en-su-xxii-edicion\/#primaryimage\"},\"thumbnailUrl\":\"https:\/\/i0.wp.com\/paredesseguridad.com\/blog\/wp-content\/uploads\/2020\/02\/Paredes-Seguridad-SICUR-2020.png?fit=1500%2C1050&ssl=1\",\"datePublished\":\"2020-02-19T14:08:09+00:00\",\"dateModified\":\"2020-02-19T14:42:06+00:00\",\"author\":{\"@id\":\"https:\/\/paredesseguridad.com\/blog\/#\/schema\/person\/79ea1d860750f45d2c24c5a9df19ac4f\"},\"description\":\"Una Edici\u00f3n m\u00e1s, Paredes Seguridad vuelve a tener presencia en SICUR, el Sal\u00f3n Internacional de la Seguridad del 25 al 28 de Febrero de 2020.\",\"breadcrumb\":{\"@id\":\"https:\/\/paredesseguridad.com\/blog\/volvemos-a-sicur-en-su-xxii-edicion\/#breadcrumb\"},\"inLanguage\":\"es\",\"potentialAction\":[{\"@type\":\"ReadAction\",\"target\":[\"https:\/\/paredesseguridad.com\/blog\/volvemos-a-sicur-en-su-xxii-edicion\/\"]}]},{\"@type\":\"ImageObject\",\"inLanguage\":\"es\",\"@id\":\"https:\/\/paredesseguridad.com\/blog\/volvemos-a-sicur-en-su-xxii-edicion\/#primaryimage\",\"url\":\"https:\/\/i0.wp.com\/paredesseguridad.com\/blog\/wp-content\/uploads\/2020\/02\/Paredes-Seguridad-SICUR-2020.png?fit=1500%2C1050&ssl=1\",\"contentUrl\":\"https:\/\/i0.wp.com\/paredesseguridad.com\/blog\/wp-content\/uploads\/2020\/02\/Paredes-Seguridad-SICUR-2020.png?fit=1500%2C1050&ssl=1\",\"width\":1500,\"height\":1050,\"caption\":\"Paredes Seguridad asistencia SICUR 2020\"},{\"@type\":\"BreadcrumbList\",\"@id\":\"https:\/\/paredesseguridad.com\/blog\/volvemos-a-sicur-en-su-xxii-edicion\/#breadcrumb\",\"itemListElement\":[{\"@type\":\"ListItem\",\"position\":1,\"name\":\"Portada\",\"item\":\"https:\/\/paredesseguridad.com\/blog\/\"},{\"@type\":\"ListItem\",\"position\":2,\"name\":\"Volvemos a SICUR en su XXII Edici\u00f3n\"}]},{\"@type\":\"WebSite\",\"@id\":\"https:\/\/paredesseguridad.com\/blog\/#website\",\"url\":\"https:\/\/paredesseguridad.com\/blog\/\",\"name\":\"Blog de Paredes Seguridad\",\"description\":\"Calzados Paredes es una de las grandes firmas espa\u00f1olas de calzado desde hace m\u00e1s de 55 a\u00f1os.\",\"potentialAction\":[{\"@type\":\"SearchAction\",\"target\":{\"@type\":\"EntryPoint\",\"urlTemplate\":\"https:\/\/paredesseguridad.com\/blog\/?s={search_term_string}\"},\"query-input\":{\"@type\":\"PropertyValueSpecification\",\"valueRequired\":true,\"valueName\":\"search_term_string\"}}],\"inLanguage\":\"es\"},{\"@type\":\"Person\",\"@id\":\"https:\/\/paredesseguridad.com\/blog\/#\/schema\/person\/79ea1d860750f45d2c24c5a9df19ac4f\",\"name\":\"Paredes Seguridad Blog\",\"image\":{\"@type\":\"ImageObject\",\"inLanguage\":\"es\",\"@id\":\"https:\/\/paredesseguridad.com\/blog\/#\/schema\/person\/image\/\",\"url\":\"https:\/\/secure.gravatar.com\/avatar\/f9af108c778d1b950675deeba855c317?s=96&d=mm&r=g\",\"contentUrl\":\"https:\/\/secure.gravatar.com\/avatar\/f9af108c778d1b950675deeba855c317?s=96&d=mm&r=g\",\"caption\":\"Paredes Seguridad Blog\"},\"url\":\"https:\/\/paredesseguridad.com\/blog\/author\/paredes-seguridad-blog\/\"}]}<\/script>\n<!-- \/ Yoast SEO plugin. -->","yoast_head_json":{"title":"Volvemos a SICUR en su XXII Edici\u00f3n | Paredes Seguridad | Blog","description":"Una Edici\u00f3n m\u00e1s, Paredes Seguridad vuelve a tener presencia en SICUR, el Sal\u00f3n Internacional de la Seguridad del 25 al 28 de Febrero de 2020.","robots":{"index":"index","follow":"follow","max-snippet":"max-snippet:-1","max-image-preview":"max-image-preview:large","max-video-preview":"max-video-preview:-1"},"canonical":"https:\/\/paredesseguridad.com\/blog\/volvemos-a-sicur-en-su-xxii-edicion\/","og_locale":"es_ES","og_type":"article","og_title":"Volvemos a SICUR en su XXII Edici\u00f3n | Paredes Seguridad | Blog","og_description":"Una Edici\u00f3n m\u00e1s, Paredes Seguridad vuelve a tener presencia en SICUR, el Sal\u00f3n Internacional de la Seguridad del 25 al 28 de Febrero de 2020.","og_url":"https:\/\/paredesseguridad.com\/blog\/volvemos-a-sicur-en-su-xxii-edicion\/","og_site_name":"Blog de Paredes Seguridad","article_published_time":"2020-02-19T14:08:09+00:00","article_modified_time":"2020-02-19T14:42:06+00:00","og_image":[{"width":1500,"height":1050,"url":"https:\/\/i2.wp.com\/paredesseguridad.com\/blog\/wp-content\/uploads\/2020\/02\/Paredes-Seguridad-SICUR-2020.png?fit=1500%2C1050&ssl=1","type":"image\/png"}],"author":"Paredes Seguridad Blog","twitter_card":"summary_large_image","twitter_misc":{"Escrito por":"Paredes Seguridad Blog","Tiempo de lectura":"3 minutos"},"schema":{"@context":"https:\/\/schema.org","@graph":[{"@type":"WebPage","@id":"https:\/\/paredesseguridad.com\/blog\/volvemos-a-sicur-en-su-xxii-edicion\/","url":"https:\/\/paredesseguridad.com\/blog\/volvemos-a-sicur-en-su-xxii-edicion\/","name":"Volvemos a SICUR en su XXII Edici\u00f3n | Paredes Seguridad | Blog","isPartOf":{"@id":"https:\/\/paredesseguridad.com\/blog\/#website"},"primaryImageOfPage":{"@id":"https:\/\/paredesseguridad.com\/blog\/volvemos-a-sicur-en-su-xxii-edicion\/#primaryimage"},"image":{"@id":"https:\/\/paredesseguridad.com\/blog\/volvemos-a-sicur-en-su-xxii-edicion\/#primaryimage"},"thumbnailUrl":"https:\/\/i0.wp.com\/paredesseguridad.com\/blog\/wp-content\/uploads\/2020\/02\/Paredes-Seguridad-SICUR-2020.png?fit=1500%2C1050&ssl=1","datePublished":"2020-02-19T14:08:09+00:00","dateModified":"2020-02-19T14:42:06+00:00","author":{"@id":"https:\/\/paredesseguridad.com\/blog\/#\/schema\/person\/79ea1d860750f45d2c24c5a9df19ac4f"},"description":"Una Edici\u00f3n m\u00e1s, Paredes Seguridad vuelve a tener presencia en SICUR, el Sal\u00f3n Internacional de la Seguridad del 25 al 28 de Febrero de 2020.","breadcrumb":{"@id":"https:\/\/paredesseguridad.com\/blog\/volvemos-a-sicur-en-su-xxii-edicion\/#breadcrumb"},"inLanguage":"es","potentialAction":[{"@type":"ReadAction","target":["https:\/\/paredesseguridad.com\/blog\/volvemos-a-sicur-en-su-xxii-edicion\/"]}]},{"@type":"ImageObject","inLanguage":"es","@id":"https:\/\/paredesseguridad.com\/blog\/volvemos-a-sicur-en-su-xxii-edicion\/#primaryimage","url":"https:\/\/i0.wp.com\/paredesseguridad.com\/blog\/wp-content\/uploads\/2020\/02\/Paredes-Seguridad-SICUR-2020.png?fit=1500%2C1050&ssl=1","contentUrl":"https:\/\/i0.wp.com\/paredesseguridad.com\/blog\/wp-content\/uploads\/2020\/02\/Paredes-Seguridad-SICUR-2020.png?fit=1500%2C1050&ssl=1","width":1500,"height":1050,"caption":"Paredes Seguridad asistencia SICUR 2020"},{"@type":"BreadcrumbList","@id":"https:\/\/paredesseguridad.com\/blog\/volvemos-a-sicur-en-su-xxii-edicion\/#breadcrumb","itemListElement":[{"@type":"ListItem","position":1,"name":"Portada","item":"https:\/\/paredesseguridad.com\/blog\/"},{"@type":"ListItem","position":2,"name":"Volvemos a SICUR en su XXII Edici\u00f3n"}]},{"@type":"WebSite","@id":"https:\/\/paredesseguridad.com\/blog\/#website","url":"https:\/\/paredesseguridad.com\/blog\/","name":"Blog de Paredes Seguridad","description":"Calzados Paredes es una de las grandes firmas espa\u00f1olas de calzado desde hace m\u00e1s de 55 a\u00f1os.","potentialAction":[{"@type":"SearchAction","target":{"@type":"EntryPoint","urlTemplate":"https:\/\/paredesseguridad.com\/blog\/?s={search_term_string}"},"query-input":{"@type":"PropertyValueSpecification","valueRequired":true,"valueName":"search_term_string"}}],"inLanguage":"es"},{"@type":"Person","@id":"https:\/\/paredesseguridad.com\/blog\/#\/schema\/person\/79ea1d860750f45d2c24c5a9df19ac4f","name":"Paredes Seguridad Blog","image":{"@type":"ImageObject","inLanguage":"es","@id":"https:\/\/paredesseguridad.com\/blog\/#\/schema\/person\/image\/","url":"https:\/\/secure.gravatar.com\/avatar\/f9af108c778d1b950675deeba855c317?s=96&d=mm&r=g","contentUrl":"https:\/\/secure.gravatar.com\/avatar\/f9af108c778d1b950675deeba855c317?s=96&d=mm&r=g","caption":"Paredes Seguridad Blog"},"url":"https:\/\/paredesseguridad.com\/blog\/author\/paredes-seguridad-blog\/"}]}},"jetpack_sharing_enabled":true,"jetpack_featured_media_url":"https:\/\/i0.wp.com\/paredesseguridad.com\/blog\/wp-content\/uploads\/2020\/02\/Paredes-Seguridad-SICUR-2020.png?fit=1500%2C1050&ssl=1","_links":{"self":[{"href":"https:\/\/paredesseguridad.com\/blog\/wp-json\/wp\/v2\/posts\/1190"}],"collection":[{"href":"https:\/\/paredesseguridad.com\/blog\/wp-json\/wp\/v2\/posts"}],"about":[{"href":"https:\/\/paredesseguridad.com\/blog\/wp-json\/wp\/v2\/types\/post"}],"author":[{"embeddable":true,"href":"https:\/\/paredesseguridad.com\/blog\/wp-json\/wp\/v2\/users\/2"}],"replies":[{"embeddable":true,"href":"https:\/\/paredesseguridad.com\/blog\/wp-json\/wp\/v2\/comments?post=1190"}],"version-history":[{"count":21,"href":"https:\/\/paredesseguridad.com\/blog\/wp-json\/wp\/v2\/posts\/1190\/revisions"}],"predecessor-version":[{"id":2468,"href":"https:\/\/paredesseguridad.com\/blog\/wp-json\/wp\/v2\/posts\/1190\/revisions\/2468"}],"wp:featuredmedia":[{"embeddable":true,"href":"https:\/\/paredesseguridad.com\/blog\/wp-json\/wp\/v2\/media\/1207"}],"wp:attachment":[{"href":"https:\/\/paredesseguridad.com\/blog\/wp-json\/wp\/v2\/media?parent=1190"}],"wp:term":[{"taxonomy":"category","embeddable":true,"href":"https:\/\/paredesseguridad.com\/blog\/wp-json\/wp\/v2\/categories?post=1190"},{"taxonomy":"post_tag","embeddable":true,"href":"https:\/\/paredesseguridad.com\/blog\/wp-json\/wp\/v2\/tags?post=1190"}],"curies":[{"name":"wp","href":"https:\/\/api.w.org\/{rel}","templated":true}]}}