{"id":1321,"date":"2020-04-07T16:49:07","date_gmt":"2020-04-07T14:49:07","guid":{"rendered":"http:\/\/paredesseguridad.com\/blog\/?p=1321"},"modified":"2020-04-07T16:51:26","modified_gmt":"2020-04-07T14:51:26","slug":"por-que-usar-equipos-de-proteccion-individual-en-el-trabajo","status":"publish","type":"post","link":"https:\/\/paredesseguridad.com\/blog\/por-que-usar-equipos-de-proteccion-individual-en-el-trabajo\/","title":{"rendered":"La importancia de los EPIS durante una                                 crisis sanitaria"},"content":{"rendered":"\n<h2 class=\"wp-block-heading\"><strong>Prot<\/strong>\u00e9gete del Coronavirus usando los equipos de protecci\u00f3n correctos<\/h2>\n\n\n\n<p><\/p>\n\n\n\n<p>Usar <strong>equipos de protecci\u00f3n individual (EPI)<\/strong> en tu trabajo y en la vida es fundamental para mantener a salvo tu salud ante riesgos de contagio contra el <strong>Coronavirus<\/strong>. Con la crisis que atravesamos por el COVID-19 la protecci\u00f3n de tu salud y la de todos nosotros debe extremarse.<\/p>\n\n\n\n<p>Usar los <strong>EPI <\/strong>de manera correcta nos puede salvar la vida, y ahora m\u00e1s que nunca esto toma importancia. Por eso te invitamos a que te protejas t\u00fa y protejas a los tuyos. <\/p>\n\n\n\n<div class=\"wp-block-image\"><figure class=\"aligncenter size-full\"><img data-recalc-dims=\"1\" fetchpriority=\"high\" decoding=\"async\" width=\"725\" height=\"432\" data-attachment-id=\"1329\" data-permalink=\"https:\/\/paredesseguridad.com\/blog\/por-que-usar-equipos-de-proteccion-individual-en-el-trabajo\/mascarillas_y_guantes_pal_personal_del_aila\/\" data-orig-file=\"https:\/\/i0.wp.com\/paredesseguridad.com\/blog\/wp-content\/uploads\/2020\/04\/mascarillas_y_guantes_pal_personal_del_aila.png?fit=725%2C432&amp;ssl=1\" data-orig-size=\"725,432\" data-comments-opened=\"1\" data-image-meta=\"{&quot;aperture&quot;:&quot;0&quot;,&quot;credit&quot;:&quot;&quot;,&quot;camera&quot;:&quot;&quot;,&quot;caption&quot;:&quot;&quot;,&quot;created_timestamp&quot;:&quot;0&quot;,&quot;copyright&quot;:&quot;&quot;,&quot;focal_length&quot;:&quot;0&quot;,&quot;iso&quot;:&quot;0&quot;,&quot;shutter_speed&quot;:&quot;0&quot;,&quot;title&quot;:&quot;&quot;,&quot;orientation&quot;:&quot;0&quot;}\" data-image-title=\"mascarillas_y_guantes_pal_personal_del_aila\" data-image-description=\"\" data-image-caption=\"\" data-medium-file=\"https:\/\/i0.wp.com\/paredesseguridad.com\/blog\/wp-content\/uploads\/2020\/04\/mascarillas_y_guantes_pal_personal_del_aila.png?fit=300%2C179&amp;ssl=1\" data-large-file=\"https:\/\/i0.wp.com\/paredesseguridad.com\/blog\/wp-content\/uploads\/2020\/04\/mascarillas_y_guantes_pal_personal_del_aila.png?fit=725%2C432&amp;ssl=1\" tabindex=\"0\" role=\"button\" src=\"https:\/\/i0.wp.com\/paredesseguridad.com\/blog\/wp-content\/uploads\/2020\/04\/mascarillas_y_guantes_pal_personal_del_aila.png?resize=725%2C432&#038;ssl=1\" alt=\"\" class=\"wp-image-1329\" srcset=\"https:\/\/i0.wp.com\/paredesseguridad.com\/blog\/wp-content\/uploads\/2020\/04\/mascarillas_y_guantes_pal_personal_del_aila.png?w=725&amp;ssl=1 725w, https:\/\/i0.wp.com\/paredesseguridad.com\/blog\/wp-content\/uploads\/2020\/04\/mascarillas_y_guantes_pal_personal_del_aila.png?resize=300%2C179&amp;ssl=1 300w\" sizes=\"(max-width: 725px) 100vw, 725px\" \/><\/figure><\/div>\n\n\n\n<p>Usa los equipos de protecci\u00f3n individual de forma responsable, ya que estos  son los \u00faltimos elementos que se interponen entre ti y el Coronavirus \u00a1<strong>Tu EPI ser\u00e1 tu armadura protectora<\/strong>!<\/p>\n\n\n\n<p><strong>\u00a1NO LO OLVIDES!<\/strong><\/p>\n\n\n\n<p>Cuando hablamos de <strong>equipos de protecci\u00f3n individual<\/strong> contra el Coronavirus nos referimos a mascarillas y guantes, \u00e9stos deben elegirse de forma que se garantice la m\u00e1xima protecci\u00f3n sin llegar a ser molestos para quien los usa.<\/p>\n\n\n\n<p>Ya sabemos lo importante que es para los sanitarios que cuenten con un equipo de protecci\u00f3n (<em><a href=\"https:\/\/paredesseguridad.com\/blog\/donamos-todo-el-stock-de-calzado-hospitalario-ante-la-emergencia-sanitaria-del-covid19\/\" target=\"_blank\" rel=\"noreferrer noopener\" aria-label=\"hace unas semanas desde Paredes Seguridad donamos calzado sanitario para su uniformidad (opens in a new tab)\">hace unas semanas desde Paredes Seguridad donamos calzado sanitario para su uniformidad<\/a><\/em>). Si tu trabajo ahora es m\u00e1s necesario que nunca, necesitas aumentar tu EPI habitual con los nuevos mecanismos protecci\u00f3n ante esta crisis sanitaria.<\/p>\n\n\n\n<p>Recuerda que es esencial colocarse los <strong>EPIS<\/strong> de manera correcta para impedir que haya posibles v\u00edas de entrada para el virus: la misma importancia tiene la retirada de los guantes y las mascarillas, para evitar el contacto con zonas que puedan estar contaminadas.<\/p>\n\n\n\n<div class=\"wp-block-image\"><figure class=\"aligncenter size-full\"><img data-recalc-dims=\"1\" decoding=\"async\" width=\"860\" height=\"573\" data-attachment-id=\"1330\" data-permalink=\"https:\/\/paredesseguridad.com\/blog\/por-que-usar-equipos-de-proteccion-individual-en-el-trabajo\/_dsc9772\/\" data-orig-file=\"https:\/\/i0.wp.com\/paredesseguridad.com\/blog\/wp-content\/uploads\/2020\/04\/DSC9772.jpg?fit=2000%2C1333&amp;ssl=1\" data-orig-size=\"2000,1333\" data-comments-opened=\"1\" data-image-meta=\"{&quot;aperture&quot;:&quot;8&quot;,&quot;credit&quot;:&quot;&quot;,&quot;camera&quot;:&quot;NIKON D850&quot;,&quot;caption&quot;:&quot;&quot;,&quot;created_timestamp&quot;:&quot;1542022040&quot;,&quot;copyright&quot;:&quot;La industrial&quot;,&quot;focal_length&quot;:&quot;35&quot;,&quot;iso&quot;:&quot;500&quot;,&quot;shutter_speed&quot;:&quot;0.005&quot;,&quot;title&quot;:&quot;&quot;,&quot;orientation&quot;:&quot;0&quot;}\" data-image-title=\"_DSC9772\" data-image-description=\"\" data-image-caption=\"\" data-medium-file=\"https:\/\/i0.wp.com\/paredesseguridad.com\/blog\/wp-content\/uploads\/2020\/04\/DSC9772.jpg?fit=300%2C200&amp;ssl=1\" data-large-file=\"https:\/\/i0.wp.com\/paredesseguridad.com\/blog\/wp-content\/uploads\/2020\/04\/DSC9772.jpg?fit=860%2C573&amp;ssl=1\" tabindex=\"0\" role=\"button\" src=\"https:\/\/i0.wp.com\/paredesseguridad.com\/blog\/wp-content\/uploads\/2020\/04\/DSC9772.jpg?resize=860%2C573&#038;ssl=1\" alt=\"EPIS en tiempos del coronavirus\" class=\"wp-image-1330\" srcset=\"https:\/\/i0.wp.com\/paredesseguridad.com\/blog\/wp-content\/uploads\/2020\/04\/DSC9772.jpg?w=2000&amp;ssl=1 2000w, https:\/\/i0.wp.com\/paredesseguridad.com\/blog\/wp-content\/uploads\/2020\/04\/DSC9772.jpg?resize=300%2C200&amp;ssl=1 300w, https:\/\/i0.wp.com\/paredesseguridad.com\/blog\/wp-content\/uploads\/2020\/04\/DSC9772.jpg?resize=1024%2C682&amp;ssl=1 1024w, https:\/\/i0.wp.com\/paredesseguridad.com\/blog\/wp-content\/uploads\/2020\/04\/DSC9772.jpg?resize=768%2C512&amp;ssl=1 768w, https:\/\/i0.wp.com\/paredesseguridad.com\/blog\/wp-content\/uploads\/2020\/04\/DSC9772.jpg?resize=1536%2C1024&amp;ssl=1 1536w, https:\/\/i0.wp.com\/paredesseguridad.com\/blog\/wp-content\/uploads\/2020\/04\/DSC9772.jpg?w=1720 1720w\" sizes=\"(max-width: 860px) 100vw, 860px\" \/><\/figure><\/div>\n\n\n\n<div class=\"wp-block-image\"><figure class=\"aligncenter size-full\"><img data-recalc-dims=\"1\" decoding=\"async\" width=\"860\" height=\"573\" data-attachment-id=\"758\" data-permalink=\"https:\/\/paredesseguridad.com\/blog\/calzado-de-proteccion-laboral-blanco-paredes-seguridad\/calzado-de-seguridad-paredes-seguridad-linea-blanca-4\/\" data-orig-file=\"https:\/\/i0.wp.com\/paredesseguridad.com\/blog\/wp-content\/uploads\/2019\/09\/Calzado-de-seguridad-Paredes-Seguridad-Linea-Blanca-4.jpg?fit=1200%2C800&amp;ssl=1\" data-orig-size=\"1200,800\" data-comments-opened=\"1\" data-image-meta=\"{&quot;aperture&quot;:&quot;0&quot;,&quot;credit&quot;:&quot;&quot;,&quot;camera&quot;:&quot;&quot;,&quot;caption&quot;:&quot;&quot;,&quot;created_timestamp&quot;:&quot;0&quot;,&quot;copyright&quot;:&quot;&quot;,&quot;focal_length&quot;:&quot;0&quot;,&quot;iso&quot;:&quot;0&quot;,&quot;shutter_speed&quot;:&quot;0&quot;,&quot;title&quot;:&quot;&quot;,&quot;orientation&quot;:&quot;0&quot;}\" data-image-title=\"Calzado-de-seguridad-Paredes-Seguridad-Linea-Blanca-4\" data-image-description=\"\" data-image-caption=\"\" data-medium-file=\"https:\/\/i0.wp.com\/paredesseguridad.com\/blog\/wp-content\/uploads\/2019\/09\/Calzado-de-seguridad-Paredes-Seguridad-Linea-Blanca-4.jpg?fit=300%2C200&amp;ssl=1\" data-large-file=\"https:\/\/i0.wp.com\/paredesseguridad.com\/blog\/wp-content\/uploads\/2019\/09\/Calzado-de-seguridad-Paredes-Seguridad-Linea-Blanca-4.jpg?fit=860%2C574&amp;ssl=1\" tabindex=\"0\" role=\"button\" src=\"https:\/\/i0.wp.com\/paredesseguridad.com\/blog\/wp-content\/uploads\/2019\/09\/Calzado-de-seguridad-Paredes-Seguridad-Linea-Blanca-4.jpg?resize=860%2C573&#038;ssl=1\" alt=\"Calzado de Seguridad Paredes. L\u00ednea Blanca Uniformidad\" class=\"wp-image-758\" srcset=\"https:\/\/i0.wp.com\/paredesseguridad.com\/blog\/wp-content\/uploads\/2019\/09\/Calzado-de-seguridad-Paredes-Seguridad-Linea-Blanca-4.jpg?w=1200&amp;ssl=1 1200w, https:\/\/i0.wp.com\/paredesseguridad.com\/blog\/wp-content\/uploads\/2019\/09\/Calzado-de-seguridad-Paredes-Seguridad-Linea-Blanca-4.jpg?resize=300%2C200&amp;ssl=1 300w, https:\/\/i0.wp.com\/paredesseguridad.com\/blog\/wp-content\/uploads\/2019\/09\/Calzado-de-seguridad-Paredes-Seguridad-Linea-Blanca-4.jpg?resize=768%2C512&amp;ssl=1 768w, https:\/\/i0.wp.com\/paredesseguridad.com\/blog\/wp-content\/uploads\/2019\/09\/Calzado-de-seguridad-Paredes-Seguridad-Linea-Blanca-4.jpg?resize=1024%2C683&amp;ssl=1 1024w\" sizes=\"(max-width: 860px) 100vw, 860px\" \/><\/figure><\/div>\n\n\n\n<p>En tu lugar de trabajo puede que ya cuentes con tu <strong>equipo de protecci\u00f3n habitual<\/strong>. Por ejemplo, si tu trabajo es de operario de almac\u00e9n, de log\u00edstica o transporte, seguro que cuentas con <strong>vestimenta y calzado de protecci\u00f3n adecuado <\/strong>para evitar accidentes laborales que pueden suceder<strong>.<\/strong> En estos momentos, tan solo tendr\u00e1s que a\u00f1adir el <strong>uso de mascarillas y guantes<\/strong>, m\u00e1s el resto de medidas de cuidado de salud que ya conoces y que m\u00e1s abajo te recordamos.<\/p>\n\n\n\n<h4 class=\"wp-block-heading\">Protecci\u00f3n individual en tiempos de Coronavirus<\/h4>\n\n\n\n<p>Recuerda que es muy importante que sigas rigurosamente las siguientes medidas para evitar el contagio:<\/p>\n\n\n\n<ul class=\"wp-block-list\"><li>L\u00e1vate bien las manos con agua y jab\u00f3n o soluciones alcoh\u00f3licas<\/li><\/ul>\n\n\n\n<ul class=\"wp-block-list\"><li>Cuando tosas o estornudes, c\u00fabrete bien la boca y la nariz con el codo <\/li><\/ul>\n\n\n\n<ul class=\"wp-block-list\"><li>Usar pa\u00f1uelos desechables y tirarlos despu\u00e9s de usarlos<\/li><\/ul>\n\n\n\n<ul class=\"wp-block-list\"><li>Guarda la distancia de seguridad de 1,5-2 metros con otras personas<\/li><\/ul>\n\n\n\n<ul class=\"wp-block-list\"><li>Evita tocarte los ojos, la nariz y la boca con las manos<\/li><\/ul>\n\n\n\n<p>Recuerda que los\u00a0<strong>equipos de protecci\u00f3n individual\u00a0<\/strong>y los\u00a0<strong>sistemas de seguridad y salud <\/strong>\u00a0son esenciales para disminuir riesgos y prevenir el contagio, pero lo m\u00e1s importante es que seas responsable y evites cualquier situaci\u00f3n de riesgo, y m\u00e1s, si formas parte de los h\u00e9roes que cada d\u00eda se exponen para garantizarnos alimentos, transporte, log\u00edstica, salud y otros servicios necesarios en estos momentos.<\/p>\n\n\n\n<p class=\"has-text-align-center\"><strong>\u00a1Los equipos de protecci\u00f3n individual son la \u00faltima barrera de protecci\u00f3n!<\/strong><\/p>\n","protected":false},"excerpt":{"rendered":"<p>Prot\u00e9gete del Coronavirus usando los equipos de protecci\u00f3n correctos Usar equipos de protecci\u00f3n individual (EPI) en tu trabajo y en la vida es fundamental para mantener a salvo tu salud ante riesgos de contagio contra el Coronavirus. Con la crisis que atravesamos por el COVID-19 la protecci\u00f3n de tu salud y la de todos nosotros [&hellip;]<\/p>\n","protected":false},"author":2,"featured_media":1334,"comment_status":"open","ping_status":"open","sticky":false,"template":"","format":"standard","meta":{"_jetpack_memberships_contains_paid_content":false,"footnotes":""},"categories":[1],"tags":[43,8,35,9,7,10,99,123,124,22],"class_list":["post-1321","post","type-post","status-publish","format-standard","has-post-thumbnail","hentry","category-blog","tag-calzado-de-proteccion","tag-calzado-de-seguridad","tag-calzado-de-seguridad-paredes","tag-calzado-de-trabajo","tag-calzado-laboral","tag-calzado-profesional","tag-epis","tag-equipos-de-proteccion-individual","tag-equipos-de-proteccion-laboral","tag-paredes-calzado-seguridad"],"better_featured_image":{"id":1334,"alt_text":"EPIS en tiempos del coronavirus","caption":"","description":"","media_type":"image","media_details":{"width":1500,"height":1050,"file":"2020\/04\/PORTADA-BLOG-PAREDES-SEGURIDAD-EPIS-CORONAVIRUS.jpg","sizes":{"medium":{"file":"PORTADA-BLOG-PAREDES-SEGURIDAD-EPIS-CORONAVIRUS-300x210.jpg","width":300,"height":210,"mime-type":"image\/jpeg","source_url":"https:\/\/i0.wp.com\/paredesseguridad.com\/blog\/wp-content\/uploads\/2020\/04\/PORTADA-BLOG-PAREDES-SEGURIDAD-EPIS-CORONAVIRUS.jpg?fit=300%2C210&ssl=1"},"large":{"file":"PORTADA-BLOG-PAREDES-SEGURIDAD-EPIS-CORONAVIRUS-1024x717.jpg","width":1024,"height":717,"mime-type":"image\/jpeg","source_url":"https:\/\/i0.wp.com\/paredesseguridad.com\/blog\/wp-content\/uploads\/2020\/04\/PORTADA-BLOG-PAREDES-SEGURIDAD-EPIS-CORONAVIRUS.jpg?fit=860%2C602&ssl=1"},"thumbnail":{"file":"PORTADA-BLOG-PAREDES-SEGURIDAD-EPIS-CORONAVIRUS-150x150.jpg","width":150,"height":150,"mime-type":"image\/jpeg","source_url":"https:\/\/i0.wp.com\/paredesseguridad.com\/blog\/wp-content\/uploads\/2020\/04\/PORTADA-BLOG-PAREDES-SEGURIDAD-EPIS-CORONAVIRUS.jpg?resize=150%2C150&ssl=1"},"medium_large":{"file":"PORTADA-BLOG-PAREDES-SEGURIDAD-EPIS-CORONAVIRUS-768x538.jpg","width":768,"height":538,"mime-type":"image\/jpeg","source_url":"https:\/\/i0.wp.com\/paredesseguridad.com\/blog\/wp-content\/uploads\/2020\/04\/PORTADA-BLOG-PAREDES-SEGURIDAD-EPIS-CORONAVIRUS.jpg?fit=768%2C538&ssl=1"}},"image_meta":{"aperture":"0","credit":"","camera":"","caption":"","created_timestamp":"0","copyright":"","focal_length":"0","iso":"0","shutter_speed":"0","title":"","orientation":"0","keywords":[]}},"post":1321,"source_url":"https:\/\/paredesseguridad.com\/blog\/wp-content\/uploads\/2020\/04\/PORTADA-BLOG-PAREDES-SEGURIDAD-EPIS-CORONAVIRUS.jpg"},"yoast_head":"<!-- This site is optimized with the Yoast SEO plugin v23.4 - https:\/\/yoast.com\/wordpress\/plugins\/seo\/ -->\n<title>La importancia de usar equipos de protecci\u00f3n | Paredes Seguridad<\/title>\n<meta name=\"description\" content=\"Conoce por qu\u00e9 es tan importante el uso adecuados de los equipos de protecci\u00f3n individual en el trabajo. Evita posibles accidentes y cuida de tu salud.\" \/>\n<meta name=\"robots\" content=\"index, follow, max-snippet:-1, max-image-preview:large, max-video-preview:-1\" \/>\n<link rel=\"canonical\" href=\"https:\/\/paredesseguridad.com\/blog\/por-que-usar-equipos-de-proteccion-individual-en-el-trabajo\/\" \/>\n<meta property=\"og:locale\" content=\"es_ES\" \/>\n<meta property=\"og:type\" content=\"article\" \/>\n<meta property=\"og:title\" content=\"La importancia de usar equipos de protecci\u00f3n | Paredes Seguridad\" \/>\n<meta property=\"og:description\" content=\"Conoce por qu\u00e9 es tan importante el uso adecuados de los equipos de protecci\u00f3n individual en el trabajo. Evita posibles accidentes y cuida de tu salud.\" \/>\n<meta property=\"og:url\" content=\"https:\/\/paredesseguridad.com\/blog\/por-que-usar-equipos-de-proteccion-individual-en-el-trabajo\/\" \/>\n<meta property=\"og:site_name\" content=\"Blog de Paredes Seguridad\" \/>\n<meta property=\"article:published_time\" content=\"2020-04-07T14:49:07+00:00\" \/>\n<meta property=\"article:modified_time\" content=\"2020-04-07T14:51:26+00:00\" \/>\n<meta property=\"og:image\" content=\"https:\/\/i0.wp.com\/paredesseguridad.com\/blog\/wp-content\/uploads\/2020\/04\/PORTADA-BLOG-PAREDES-SEGURIDAD-EPIS-CORONAVIRUS.jpg?fit=1500%2C1050&ssl=1\" \/>\n\t<meta property=\"og:image:width\" content=\"1500\" \/>\n\t<meta property=\"og:image:height\" content=\"1050\" \/>\n\t<meta property=\"og:image:type\" content=\"image\/jpeg\" \/>\n<meta name=\"author\" content=\"Paredes Seguridad Blog\" \/>\n<meta name=\"twitter:card\" content=\"summary_large_image\" \/>\n<meta name=\"twitter:label1\" content=\"Escrito por\" \/>\n\t<meta name=\"twitter:data1\" content=\"Paredes Seguridad Blog\" \/>\n\t<meta name=\"twitter:label2\" content=\"Tiempo de lectura\" \/>\n\t<meta name=\"twitter:data2\" content=\"3 minutos\" \/>\n<script type=\"application\/ld+json\" class=\"yoast-schema-graph\">{\"@context\":\"https:\/\/schema.org\",\"@graph\":[{\"@type\":\"WebPage\",\"@id\":\"https:\/\/paredesseguridad.com\/blog\/por-que-usar-equipos-de-proteccion-individual-en-el-trabajo\/\",\"url\":\"https:\/\/paredesseguridad.com\/blog\/por-que-usar-equipos-de-proteccion-individual-en-el-trabajo\/\",\"name\":\"La importancia de usar equipos de protecci\u00f3n | Paredes Seguridad\",\"isPartOf\":{\"@id\":\"https:\/\/paredesseguridad.com\/blog\/#website\"},\"primaryImageOfPage\":{\"@id\":\"https:\/\/paredesseguridad.com\/blog\/por-que-usar-equipos-de-proteccion-individual-en-el-trabajo\/#primaryimage\"},\"image\":{\"@id\":\"https:\/\/paredesseguridad.com\/blog\/por-que-usar-equipos-de-proteccion-individual-en-el-trabajo\/#primaryimage\"},\"thumbnailUrl\":\"https:\/\/i0.wp.com\/paredesseguridad.com\/blog\/wp-content\/uploads\/2020\/04\/PORTADA-BLOG-PAREDES-SEGURIDAD-EPIS-CORONAVIRUS.jpg?fit=1500%2C1050&ssl=1\",\"datePublished\":\"2020-04-07T14:49:07+00:00\",\"dateModified\":\"2020-04-07T14:51:26+00:00\",\"author\":{\"@id\":\"https:\/\/paredesseguridad.com\/blog\/#\/schema\/person\/79ea1d860750f45d2c24c5a9df19ac4f\"},\"description\":\"Conoce por qu\u00e9 es tan importante el uso adecuados de los equipos de protecci\u00f3n individual en el trabajo. Evita posibles accidentes y cuida de tu salud.\",\"breadcrumb\":{\"@id\":\"https:\/\/paredesseguridad.com\/blog\/por-que-usar-equipos-de-proteccion-individual-en-el-trabajo\/#breadcrumb\"},\"inLanguage\":\"es\",\"potentialAction\":[{\"@type\":\"ReadAction\",\"target\":[\"https:\/\/paredesseguridad.com\/blog\/por-que-usar-equipos-de-proteccion-individual-en-el-trabajo\/\"]}]},{\"@type\":\"ImageObject\",\"inLanguage\":\"es\",\"@id\":\"https:\/\/paredesseguridad.com\/blog\/por-que-usar-equipos-de-proteccion-individual-en-el-trabajo\/#primaryimage\",\"url\":\"https:\/\/i0.wp.com\/paredesseguridad.com\/blog\/wp-content\/uploads\/2020\/04\/PORTADA-BLOG-PAREDES-SEGURIDAD-EPIS-CORONAVIRUS.jpg?fit=1500%2C1050&ssl=1\",\"contentUrl\":\"https:\/\/i0.wp.com\/paredesseguridad.com\/blog\/wp-content\/uploads\/2020\/04\/PORTADA-BLOG-PAREDES-SEGURIDAD-EPIS-CORONAVIRUS.jpg?fit=1500%2C1050&ssl=1\",\"width\":1500,\"height\":1050,\"caption\":\"EPIS en tiempos del coronavirus\"},{\"@type\":\"BreadcrumbList\",\"@id\":\"https:\/\/paredesseguridad.com\/blog\/por-que-usar-equipos-de-proteccion-individual-en-el-trabajo\/#breadcrumb\",\"itemListElement\":[{\"@type\":\"ListItem\",\"position\":1,\"name\":\"Portada\",\"item\":\"https:\/\/paredesseguridad.com\/blog\/\"},{\"@type\":\"ListItem\",\"position\":2,\"name\":\"La importancia de los EPIS durante una crisis sanitaria\"}]},{\"@type\":\"WebSite\",\"@id\":\"https:\/\/paredesseguridad.com\/blog\/#website\",\"url\":\"https:\/\/paredesseguridad.com\/blog\/\",\"name\":\"Blog de Paredes Seguridad\",\"description\":\"Calzados Paredes es una de las grandes firmas espa\u00f1olas de calzado desde hace m\u00e1s de 55 a\u00f1os.\",\"potentialAction\":[{\"@type\":\"SearchAction\",\"target\":{\"@type\":\"EntryPoint\",\"urlTemplate\":\"https:\/\/paredesseguridad.com\/blog\/?s={search_term_string}\"},\"query-input\":{\"@type\":\"PropertyValueSpecification\",\"valueRequired\":true,\"valueName\":\"search_term_string\"}}],\"inLanguage\":\"es\"},{\"@type\":\"Person\",\"@id\":\"https:\/\/paredesseguridad.com\/blog\/#\/schema\/person\/79ea1d860750f45d2c24c5a9df19ac4f\",\"name\":\"Paredes Seguridad Blog\",\"image\":{\"@type\":\"ImageObject\",\"inLanguage\":\"es\",\"@id\":\"https:\/\/paredesseguridad.com\/blog\/#\/schema\/person\/image\/\",\"url\":\"https:\/\/secure.gravatar.com\/avatar\/f9af108c778d1b950675deeba855c317?s=96&d=mm&r=g\",\"contentUrl\":\"https:\/\/secure.gravatar.com\/avatar\/f9af108c778d1b950675deeba855c317?s=96&d=mm&r=g\",\"caption\":\"Paredes Seguridad Blog\"},\"url\":\"https:\/\/paredesseguridad.com\/blog\/author\/paredes-seguridad-blog\/\"}]}<\/script>\n<!-- \/ Yoast SEO plugin. -->","yoast_head_json":{"title":"La importancia de usar equipos de protecci\u00f3n | Paredes Seguridad","description":"Conoce por qu\u00e9 es tan importante el uso adecuados de los equipos de protecci\u00f3n individual en el trabajo. Evita posibles accidentes y cuida de tu salud.","robots":{"index":"index","follow":"follow","max-snippet":"max-snippet:-1","max-image-preview":"max-image-preview:large","max-video-preview":"max-video-preview:-1"},"canonical":"https:\/\/paredesseguridad.com\/blog\/por-que-usar-equipos-de-proteccion-individual-en-el-trabajo\/","og_locale":"es_ES","og_type":"article","og_title":"La importancia de usar equipos de protecci\u00f3n | Paredes Seguridad","og_description":"Conoce por qu\u00e9 es tan importante el uso adecuados de los equipos de protecci\u00f3n individual en el trabajo. Evita posibles accidentes y cuida de tu salud.","og_url":"https:\/\/paredesseguridad.com\/blog\/por-que-usar-equipos-de-proteccion-individual-en-el-trabajo\/","og_site_name":"Blog de Paredes Seguridad","article_published_time":"2020-04-07T14:49:07+00:00","article_modified_time":"2020-04-07T14:51:26+00:00","og_image":[{"width":1500,"height":1050,"url":"https:\/\/i0.wp.com\/paredesseguridad.com\/blog\/wp-content\/uploads\/2020\/04\/PORTADA-BLOG-PAREDES-SEGURIDAD-EPIS-CORONAVIRUS.jpg?fit=1500%2C1050&ssl=1","type":"image\/jpeg"}],"author":"Paredes Seguridad Blog","twitter_card":"summary_large_image","twitter_misc":{"Escrito por":"Paredes Seguridad Blog","Tiempo de lectura":"3 minutos"},"schema":{"@context":"https:\/\/schema.org","@graph":[{"@type":"WebPage","@id":"https:\/\/paredesseguridad.com\/blog\/por-que-usar-equipos-de-proteccion-individual-en-el-trabajo\/","url":"https:\/\/paredesseguridad.com\/blog\/por-que-usar-equipos-de-proteccion-individual-en-el-trabajo\/","name":"La importancia de usar equipos de protecci\u00f3n | Paredes Seguridad","isPartOf":{"@id":"https:\/\/paredesseguridad.com\/blog\/#website"},"primaryImageOfPage":{"@id":"https:\/\/paredesseguridad.com\/blog\/por-que-usar-equipos-de-proteccion-individual-en-el-trabajo\/#primaryimage"},"image":{"@id":"https:\/\/paredesseguridad.com\/blog\/por-que-usar-equipos-de-proteccion-individual-en-el-trabajo\/#primaryimage"},"thumbnailUrl":"https:\/\/i0.wp.com\/paredesseguridad.com\/blog\/wp-content\/uploads\/2020\/04\/PORTADA-BLOG-PAREDES-SEGURIDAD-EPIS-CORONAVIRUS.jpg?fit=1500%2C1050&ssl=1","datePublished":"2020-04-07T14:49:07+00:00","dateModified":"2020-04-07T14:51:26+00:00","author":{"@id":"https:\/\/paredesseguridad.com\/blog\/#\/schema\/person\/79ea1d860750f45d2c24c5a9df19ac4f"},"description":"Conoce por qu\u00e9 es tan importante el uso adecuados de los equipos de protecci\u00f3n individual en el trabajo. Evita posibles accidentes y cuida de tu salud.","breadcrumb":{"@id":"https:\/\/paredesseguridad.com\/blog\/por-que-usar-equipos-de-proteccion-individual-en-el-trabajo\/#breadcrumb"},"inLanguage":"es","potentialAction":[{"@type":"ReadAction","target":["https:\/\/paredesseguridad.com\/blog\/por-que-usar-equipos-de-proteccion-individual-en-el-trabajo\/"]}]},{"@type":"ImageObject","inLanguage":"es","@id":"https:\/\/paredesseguridad.com\/blog\/por-que-usar-equipos-de-proteccion-individual-en-el-trabajo\/#primaryimage","url":"https:\/\/i0.wp.com\/paredesseguridad.com\/blog\/wp-content\/uploads\/2020\/04\/PORTADA-BLOG-PAREDES-SEGURIDAD-EPIS-CORONAVIRUS.jpg?fit=1500%2C1050&ssl=1","contentUrl":"https:\/\/i0.wp.com\/paredesseguridad.com\/blog\/wp-content\/uploads\/2020\/04\/PORTADA-BLOG-PAREDES-SEGURIDAD-EPIS-CORONAVIRUS.jpg?fit=1500%2C1050&ssl=1","width":1500,"height":1050,"caption":"EPIS en tiempos del coronavirus"},{"@type":"BreadcrumbList","@id":"https:\/\/paredesseguridad.com\/blog\/por-que-usar-equipos-de-proteccion-individual-en-el-trabajo\/#breadcrumb","itemListElement":[{"@type":"ListItem","position":1,"name":"Portada","item":"https:\/\/paredesseguridad.com\/blog\/"},{"@type":"ListItem","position":2,"name":"La importancia de los EPIS durante una crisis sanitaria"}]},{"@type":"WebSite","@id":"https:\/\/paredesseguridad.com\/blog\/#website","url":"https:\/\/paredesseguridad.com\/blog\/","name":"Blog de Paredes Seguridad","description":"Calzados Paredes es una de las grandes firmas espa\u00f1olas de calzado desde hace m\u00e1s de 55 a\u00f1os.","potentialAction":[{"@type":"SearchAction","target":{"@type":"EntryPoint","urlTemplate":"https:\/\/paredesseguridad.com\/blog\/?s={search_term_string}"},"query-input":{"@type":"PropertyValueSpecification","valueRequired":true,"valueName":"search_term_string"}}],"inLanguage":"es"},{"@type":"Person","@id":"https:\/\/paredesseguridad.com\/blog\/#\/schema\/person\/79ea1d860750f45d2c24c5a9df19ac4f","name":"Paredes Seguridad Blog","image":{"@type":"ImageObject","inLanguage":"es","@id":"https:\/\/paredesseguridad.com\/blog\/#\/schema\/person\/image\/","url":"https:\/\/secure.gravatar.com\/avatar\/f9af108c778d1b950675deeba855c317?s=96&d=mm&r=g","contentUrl":"https:\/\/secure.gravatar.com\/avatar\/f9af108c778d1b950675deeba855c317?s=96&d=mm&r=g","caption":"Paredes Seguridad Blog"},"url":"https:\/\/paredesseguridad.com\/blog\/author\/paredes-seguridad-blog\/"}]}},"jetpack_sharing_enabled":true,"jetpack_featured_media_url":"https:\/\/i0.wp.com\/paredesseguridad.com\/blog\/wp-content\/uploads\/2020\/04\/PORTADA-BLOG-PAREDES-SEGURIDAD-EPIS-CORONAVIRUS.jpg?fit=1500%2C1050&ssl=1","_links":{"self":[{"href":"https:\/\/paredesseguridad.com\/blog\/wp-json\/wp\/v2\/posts\/1321"}],"collection":[{"href":"https:\/\/paredesseguridad.com\/blog\/wp-json\/wp\/v2\/posts"}],"about":[{"href":"https:\/\/paredesseguridad.com\/blog\/wp-json\/wp\/v2\/types\/post"}],"author":[{"embeddable":true,"href":"https:\/\/paredesseguridad.com\/blog\/wp-json\/wp\/v2\/users\/2"}],"replies":[{"embeddable":true,"href":"https:\/\/paredesseguridad.com\/blog\/wp-json\/wp\/v2\/comments?post=1321"}],"version-history":[{"count":10,"href":"https:\/\/paredesseguridad.com\/blog\/wp-json\/wp\/v2\/posts\/1321\/revisions"}],"predecessor-version":[{"id":1336,"href":"https:\/\/paredesseguridad.com\/blog\/wp-json\/wp\/v2\/posts\/1321\/revisions\/1336"}],"wp:featuredmedia":[{"embeddable":true,"href":"https:\/\/paredesseguridad.com\/blog\/wp-json\/wp\/v2\/media\/1334"}],"wp:attachment":[{"href":"https:\/\/paredesseguridad.com\/blog\/wp-json\/wp\/v2\/media?parent=1321"}],"wp:term":[{"taxonomy":"category","embeddable":true,"href":"https:\/\/paredesseguridad.com\/blog\/wp-json\/wp\/v2\/categories?post=1321"},{"taxonomy":"post_tag","embeddable":true,"href":"https:\/\/paredesseguridad.com\/blog\/wp-json\/wp\/v2\/tags?post=1321"}],"curies":[{"name":"wp","href":"https:\/\/api.w.org\/{rel}","templated":true}]}}