{"id":2136,"date":"2021-04-28T10:06:17","date_gmt":"2021-04-28T08:06:17","guid":{"rendered":"http:\/\/paredesseguridad.com\/blog\/?p=2136"},"modified":"2021-04-28T12:10:45","modified_gmt":"2021-04-28T10:10:45","slug":"dia-mundial-de-la-seguridad-y-la-salud-laboral","status":"publish","type":"post","link":"https:\/\/paredesseguridad.com\/blog\/dia-mundial-de-la-seguridad-y-la-salud-laboral\/","title":{"rendered":"D\u00eda Mundial de la Seguridad y la Salud Laboral"},"content":{"rendered":"\n<h2 class=\"wp-block-heading\">Hoy es el D\u00eda Mundial de la Seguridad Laboral y queremos recordarte que queda mucho por hacer. Hoy te traemos al blog las 5 enfermedades m\u00e1s comunes y c\u00f3mo prevenirlas.<\/h2>\n\n\n\n<!--more-->\n\n\n\n<p><\/p>\n\n\n\n<p>Cada a\u00f1o, el <strong>D\u00eda Mundial de la Seguridad Laboral y Salud en el Trabajo<\/strong> se celebra y es un imprescindible para trabajadores y para todos aquellos cuyo mundo es el de la <strong>prevenci\u00f3n de riesgos laborales<\/strong> y la salud en el trabajo.<\/p>\n\n\n\n<p>Para <strong><a href=\"https:\/\/www.paredesseguridad.com\/\" target=\"_blank\" rel=\"noreferrer noopener\">Paredes Seguridad<\/a><\/strong>, este d\u00eda est\u00e1 marcado en nuestro calendario. Gracias a nuestro <strong><a href=\"https:\/\/www.paredesseguridad.com\/\" target=\"_blank\" rel=\"noreferrer noopener\">calzado de seguridad y protecci\u00f3n<\/a><\/strong>, junto a nuestras <strong><a href=\"https:\/\/www.paredesseguridad.com\/producto\/135\/mc0002_pack-de-2-mascarillas-ffp2\/?tienda=1\" target=\"_blank\" rel=\"noreferrer noopener\">mascarillas FFP2<\/a> y <a href=\"https:\/\/www.paredesseguridad.com\/producto\/173\/mc0004_mascarilla-quirurgica\/\" target=\"_blank\" rel=\"noreferrer noopener\">quir\u00fargicas<\/a><\/strong>, formamos parte del mundo de la prevenci\u00f3n y la salud laboral. Nuestro objetivo siempre es ofrecer la m\u00e1xima protecci\u00f3n y garant\u00edas de seguridad en todo lo que hacemos.<\/p>\n\n\n\n<p>Hoy en el blog hablamos de la <strong>salud laboral<\/strong>. Sigue habiendo mucho por hacer, por ello queremos hablarte de cu\u00e1les siguen siendo las enfermedades laborales m\u00e1s frecuentes y c\u00f3mo evitarlas.<\/p>\n\n\n\n<h3 class=\"wp-block-heading\"><strong>5 Enfermedades frecuentes relacionadas con el trabajo<\/strong> | D\u00eda Mundial de la Seguridad y Salud laboral<\/h3>\n\n\n\n<p>Actualmente, siguen existiendo dolencias y males comunes que pueden derivar en enfermedad. El objetivo de la <strong>prevenci\u00f3n laboral<\/strong> es abordar estas consecuencias para poder evitarlas y prevenirlas.<\/p>\n\n\n\n<p>El exceso de trabajo, las malas condiciones laborales, as\u00ed como diversos h\u00e1bitos diarios, muchas veces imperceptibles, ocasionan enfermedades y problemas a corto y largo plazo, tanto al trabajador como a las empresas.<\/p>\n\n\n\n<p>El objetivo de la prevenci\u00f3n laboral es garantizar la salud, por el bien de los trabajadores como el de las empresas. La falta de salud de los trabajadores, tambi\u00e9n afecta a las empresas, traduci\u00e9ndose en considerables p\u00e9rdidas econ\u00f3micas.<\/p>\n\n\n\n<p><strong>Estas son algunas de las dolencias que siguen afectando a trabajadores y a empresas<\/strong>:<\/p>\n\n\n\n<h3 class=\"wp-block-heading\"><strong>1. Estr\u00e9s laboral<\/strong><\/h3>\n\n\n\n<hr class=\"wp-block-separator\"\/>\n\n\n\n<figure class=\"wp-block-gallery aligncenter columns-1 is-cropped wp-block-gallery-1 is-layout-flex wp-block-gallery-is-layout-flex\"><ul class=\"blocks-gallery-grid\"><li class=\"blocks-gallery-item\"><figure><img data-recalc-dims=\"1\" fetchpriority=\"high\" decoding=\"async\" width=\"860\" height=\"602\" data-attachment-id=\"2158\" data-permalink=\"https:\/\/paredesseguridad.com\/blog\/dia-mundial-de-la-seguridad-y-la-salud-laboral\/dia-de-la-seguridad-y-salud-en-el-trabajo-paredes-seguridad-estres\/\" data-orig-file=\"https:\/\/i0.wp.com\/paredesseguridad.com\/blog\/wp-content\/uploads\/2021\/04\/dia-de-la-seguridad-y-salud-en-el-trabajo-paredes-seguridad-estres.jpg?fit=1500%2C1050&amp;ssl=1\" data-orig-size=\"1500,1050\" data-comments-opened=\"1\" data-image-meta=\"{&quot;aperture&quot;:&quot;0&quot;,&quot;credit&quot;:&quot;&quot;,&quot;camera&quot;:&quot;&quot;,&quot;caption&quot;:&quot;&quot;,&quot;created_timestamp&quot;:&quot;0&quot;,&quot;copyright&quot;:&quot;&quot;,&quot;focal_length&quot;:&quot;0&quot;,&quot;iso&quot;:&quot;0&quot;,&quot;shutter_speed&quot;:&quot;0&quot;,&quot;title&quot;:&quot;&quot;,&quot;orientation&quot;:&quot;0&quot;}\" data-image-title=\"dia-de-la-seguridad-y-salud-en-el-trabajo-paredes-seguridad-estres\" data-image-description=\"\" data-image-caption=\"\" data-medium-file=\"https:\/\/i0.wp.com\/paredesseguridad.com\/blog\/wp-content\/uploads\/2021\/04\/dia-de-la-seguridad-y-salud-en-el-trabajo-paredes-seguridad-estres.jpg?fit=300%2C210&amp;ssl=1\" data-large-file=\"https:\/\/i0.wp.com\/paredesseguridad.com\/blog\/wp-content\/uploads\/2021\/04\/dia-de-la-seguridad-y-salud-en-el-trabajo-paredes-seguridad-estres.jpg?fit=860%2C602&amp;ssl=1\" tabindex=\"0\" role=\"button\" src=\"https:\/\/i0.wp.com\/paredesseguridad.com\/blog\/wp-content\/uploads\/2021\/04\/dia-de-la-seguridad-y-salud-en-el-trabajo-paredes-seguridad-estres.jpg?resize=860%2C602&#038;ssl=1\" alt=\"dia de la seguridad y la salud laboral estr\u00e9s\" data-id=\"2158\" data-full-url=\"https:\/\/paredesseguridad.com\/blog\/wp-content\/uploads\/2021\/04\/dia-de-la-seguridad-y-salud-en-el-trabajo-paredes-seguridad-estres.jpg\" data-link=\"http:\/\/paredesseguridad.com\/blog\/dia-mundial-de-la-seguridad-y-la-salud-laboral\/dia-de-la-seguridad-y-salud-en-el-trabajo-paredes-seguridad-estres\/\" class=\"wp-image-2158\" srcset=\"https:\/\/i0.wp.com\/paredesseguridad.com\/blog\/wp-content\/uploads\/2021\/04\/dia-de-la-seguridad-y-salud-en-el-trabajo-paredes-seguridad-estres.jpg?w=1500&amp;ssl=1 1500w, https:\/\/i0.wp.com\/paredesseguridad.com\/blog\/wp-content\/uploads\/2021\/04\/dia-de-la-seguridad-y-salud-en-el-trabajo-paredes-seguridad-estres.jpg?resize=300%2C210&amp;ssl=1 300w, https:\/\/i0.wp.com\/paredesseguridad.com\/blog\/wp-content\/uploads\/2021\/04\/dia-de-la-seguridad-y-salud-en-el-trabajo-paredes-seguridad-estres.jpg?resize=1024%2C717&amp;ssl=1 1024w, https:\/\/i0.wp.com\/paredesseguridad.com\/blog\/wp-content\/uploads\/2021\/04\/dia-de-la-seguridad-y-salud-en-el-trabajo-paredes-seguridad-estres.jpg?resize=768%2C538&amp;ssl=1 768w\" sizes=\"(max-width: 860px) 100vw, 860px\" \/><\/figure><\/li><\/ul><\/figure>\n\n\n\n<p>Es la dolencia m\u00e1s frecuente en todos los \u00e1mbitos laborales y la consecuencia de otras dolencias, patolog\u00edas y enfermedades m\u00e1s graves como c\u00e1nceres, infartos y otro tipo de trastornos en el organismo humano.<\/p>\n\n\n\n<p>Suele derivar en <strong>ausentismo laboral<\/strong>, <strong>disminuci\u00f3n de la productividad<\/strong>, por lo que suele tener un gran impacto, no solo en el trabajador, sino en las empresas. Se asocian diversos s\u00edntomas c\u00f3mo el dolor de cabeza, \u00falceras gastrointestinales, dolores musculares, reacciones en la piel, tensi\u00f3n arterial, ca\u00eddas, desmayos, etc. Contribuye a generar otras enfermedades como la depresi\u00f3n, ansiedad o s\u00edndromes como el infarto en casos m\u00e1s extremos.<\/p>\n\n\n\n<p><\/p>\n\n\n\n<figure class=\"wp-block-gallery aligncenter columns-2 is-cropped wp-block-gallery-2 is-layout-flex wp-block-gallery-is-layout-flex\"><ul class=\"blocks-gallery-grid\"><li class=\"blocks-gallery-item\"><figure><img data-recalc-dims=\"1\" decoding=\"async\" width=\"860\" height=\"602\" data-attachment-id=\"2160\" data-permalink=\"https:\/\/paredesseguridad.com\/blog\/dia-mundial-de-la-seguridad-y-la-salud-laboral\/post-riesgos-seguridad-laboral-paredes-seguridad-fatiga-cronica\/\" data-orig-file=\"https:\/\/i0.wp.com\/paredesseguridad.com\/blog\/wp-content\/uploads\/2021\/04\/Post-riesgos-seguridad-laboral-paredes-seguridad-fatiga-cronica.jpg?fit=1500%2C1050&amp;ssl=1\" data-orig-size=\"1500,1050\" data-comments-opened=\"1\" data-image-meta=\"{&quot;aperture&quot;:&quot;0&quot;,&quot;credit&quot;:&quot;&quot;,&quot;camera&quot;:&quot;&quot;,&quot;caption&quot;:&quot;&quot;,&quot;created_timestamp&quot;:&quot;0&quot;,&quot;copyright&quot;:&quot;&quot;,&quot;focal_length&quot;:&quot;0&quot;,&quot;iso&quot;:&quot;0&quot;,&quot;shutter_speed&quot;:&quot;0&quot;,&quot;title&quot;:&quot;&quot;,&quot;orientation&quot;:&quot;0&quot;}\" data-image-title=\"Post-riesgos-seguridad-laboral-paredes-seguridad-fatiga-cronica\" data-image-description=\"\" data-image-caption=\"\" data-medium-file=\"https:\/\/i0.wp.com\/paredesseguridad.com\/blog\/wp-content\/uploads\/2021\/04\/Post-riesgos-seguridad-laboral-paredes-seguridad-fatiga-cronica.jpg?fit=300%2C210&amp;ssl=1\" data-large-file=\"https:\/\/i0.wp.com\/paredesseguridad.com\/blog\/wp-content\/uploads\/2021\/04\/Post-riesgos-seguridad-laboral-paredes-seguridad-fatiga-cronica.jpg?fit=860%2C602&amp;ssl=1\" tabindex=\"0\" role=\"button\" src=\"https:\/\/i0.wp.com\/paredesseguridad.com\/blog\/wp-content\/uploads\/2021\/04\/Post-riesgos-seguridad-laboral-paredes-seguridad-fatiga-cronica-1024x717.jpg?resize=860%2C602&#038;ssl=1\" alt=\"\" data-id=\"2160\" data-full-url=\"https:\/\/paredesseguridad.com\/blog\/wp-content\/uploads\/2021\/04\/Post-riesgos-seguridad-laboral-paredes-seguridad-fatiga-cronica.jpg\" data-link=\"http:\/\/paredesseguridad.com\/blog\/dia-mundial-de-la-seguridad-y-la-salud-laboral\/post-riesgos-seguridad-laboral-paredes-seguridad-fatiga-cronica\/\" class=\"wp-image-2160\" srcset=\"https:\/\/i0.wp.com\/paredesseguridad.com\/blog\/wp-content\/uploads\/2021\/04\/Post-riesgos-seguridad-laboral-paredes-seguridad-fatiga-cronica.jpg?resize=1024%2C717&amp;ssl=1 1024w, https:\/\/i0.wp.com\/paredesseguridad.com\/blog\/wp-content\/uploads\/2021\/04\/Post-riesgos-seguridad-laboral-paredes-seguridad-fatiga-cronica.jpg?resize=300%2C210&amp;ssl=1 300w, https:\/\/i0.wp.com\/paredesseguridad.com\/blog\/wp-content\/uploads\/2021\/04\/Post-riesgos-seguridad-laboral-paredes-seguridad-fatiga-cronica.jpg?resize=768%2C538&amp;ssl=1 768w, https:\/\/i0.wp.com\/paredesseguridad.com\/blog\/wp-content\/uploads\/2021\/04\/Post-riesgos-seguridad-laboral-paredes-seguridad-fatiga-cronica.jpg?w=1500&amp;ssl=1 1500w\" sizes=\"(max-width: 860px) 100vw, 860px\" \/><\/figure><\/li><li class=\"blocks-gallery-item\"><figure><img data-recalc-dims=\"1\" decoding=\"async\" width=\"860\" height=\"516\" data-attachment-id=\"2141\" data-permalink=\"https:\/\/paredesseguridad.com\/blog\/dia-mundial-de-la-seguridad-y-la-salud-laboral\/ansiedad-estres-2\/\" data-orig-file=\"https:\/\/i0.wp.com\/paredesseguridad.com\/blog\/wp-content\/uploads\/2021\/04\/ansiedad-estres-2.jpeg?fit=1000%2C600&amp;ssl=1\" data-orig-size=\"1000,600\" data-comments-opened=\"1\" data-image-meta=\"{&quot;aperture&quot;:&quot;0&quot;,&quot;credit&quot;:&quot;&quot;,&quot;camera&quot;:&quot;&quot;,&quot;caption&quot;:&quot;&quot;,&quot;created_timestamp&quot;:&quot;0&quot;,&quot;copyright&quot;:&quot;&quot;,&quot;focal_length&quot;:&quot;0&quot;,&quot;iso&quot;:&quot;0&quot;,&quot;shutter_speed&quot;:&quot;0&quot;,&quot;title&quot;:&quot;&quot;,&quot;orientation&quot;:&quot;0&quot;}\" data-image-title=\"ansiedad-estres-2\" data-image-description=\"\" data-image-caption=\"\" data-medium-file=\"https:\/\/i0.wp.com\/paredesseguridad.com\/blog\/wp-content\/uploads\/2021\/04\/ansiedad-estres-2.jpeg?fit=300%2C180&amp;ssl=1\" data-large-file=\"https:\/\/i0.wp.com\/paredesseguridad.com\/blog\/wp-content\/uploads\/2021\/04\/ansiedad-estres-2.jpeg?fit=860%2C516&amp;ssl=1\" tabindex=\"0\" role=\"button\" src=\"https:\/\/i0.wp.com\/paredesseguridad.com\/blog\/wp-content\/uploads\/2021\/04\/ansiedad-estres-2.jpeg?resize=860%2C516&#038;ssl=1\" alt=\"dia de la seguridad y la salud laboral estr\u00e9s\" data-id=\"2141\" data-full-url=\"https:\/\/paredesseguridad.com\/blog\/wp-content\/uploads\/2021\/04\/ansiedad-estres-2.jpeg\" data-link=\"http:\/\/paredesseguridad.com\/blog\/dia-mundial-de-la-seguridad-y-la-salud-laboral\/ansiedad-estres-2\/\" class=\"wp-image-2141\" srcset=\"https:\/\/i0.wp.com\/paredesseguridad.com\/blog\/wp-content\/uploads\/2021\/04\/ansiedad-estres-2.jpeg?w=1000&amp;ssl=1 1000w, https:\/\/i0.wp.com\/paredesseguridad.com\/blog\/wp-content\/uploads\/2021\/04\/ansiedad-estres-2.jpeg?resize=300%2C180&amp;ssl=1 300w, https:\/\/i0.wp.com\/paredesseguridad.com\/blog\/wp-content\/uploads\/2021\/04\/ansiedad-estres-2.jpeg?resize=768%2C461&amp;ssl=1 768w\" sizes=\"(max-width: 860px) 100vw, 860px\" \/><\/figure><\/li><\/ul><\/figure>\n\n\n\n<p><\/p>\n\n\n\n<p>El estr\u00e9s es el detonante de m\u00faltiples afecciones f\u00edsicas, mentales y emocionales. Adem\u00e1s, est\u00e1 ampliamente demostrado que <strong><a href=\"https:\/\/ecomandanga.org\/2020\/03\/10\/el-estres-disminuye-la-esperanza-de-vida-nos-lo-dicen-los-cromosomas\/#:~:text=Confirmado%3A%20el%20estr%C3%A9s%20disminuye%20la,con%20la%20respuesta%20al%20estr%C3%A9s\">el estr\u00e9s cr\u00f3nico, acorta la vida<\/a>.<\/strong><\/p>\n\n\n\n<p>Es considerada una<strong> <\/strong><a href=\"https:\/\/psicologiaymente.com\/clinica\/consejos-reducir-estres\" target=\"_blank\" rel=\"noreferrer noopener\"><strong>enfermedad psicosocial<\/strong> <\/a>que viene asociada a la excesiva carga de trabajo y a no saber gestionar emocional y mentalmente las presiones laborales.<\/p>\n\n\n\n<h4 class=\"wp-block-heading\"><strong>PREVENCI\u00d3N<\/strong> DEL ESTR\u00c9S<\/h4>\n\n\n\n<p>Existen varias formas de evitar una situaci\u00f3n cr\u00f3nica de estr\u00e9s. Te mostramos las m\u00e1s habituales:<\/p>\n\n\n\n<ol class=\"wp-block-list\" type=\"1\"><li>Tomarse descansos<\/li><li>Hacer ejercicio y mantener un buen estado f\u00edsico<\/li><li>Llevar una dieta equilibrada<\/li><li>No trabajar m\u00e1s de 8 horas al d\u00eda<\/li><li>Dormir un m\u00ednimo de 6\/7 horas<\/li><li>Establecer metas razonables<\/li><li>Establecer l\u00edmites<\/li><li>Disfrutar del tiempo libre<\/li><li>Conectar con la naturaleza frecuentemente<\/li><li>Ejercicios de relajaci\u00f3n, respiraci\u00f3n o meditaci\u00f3n<\/li><\/ol>\n\n\n\n<p>Desde <strong><a href=\"https:\/\/blogs.imf-formacion.com\/blog\/prevencion-riesgos-laborales\/sin-categoria\/estres-laboral-prevenirlo\/\">aqu\u00ed<\/a><\/strong> podr\u00e1s ver m\u00e1s consejos y soluciones a este mal.<\/p>\n\n\n\n<h3 class=\"wp-block-heading\">2. <strong>Fatiga visual<\/strong><\/h3>\n\n\n\n<hr class=\"wp-block-separator\"\/>\n\n\n\n<figure class=\"wp-block-gallery aligncenter columns-1 is-cropped wp-block-gallery-3 is-layout-flex wp-block-gallery-is-layout-flex\"><ul class=\"blocks-gallery-grid\"><li class=\"blocks-gallery-item\"><figure><img data-recalc-dims=\"1\" loading=\"lazy\" decoding=\"async\" width=\"860\" height=\"602\" data-attachment-id=\"2159\" data-permalink=\"https:\/\/paredesseguridad.com\/blog\/dia-mundial-de-la-seguridad-y-la-salud-laboral\/post-riesgos-seguridad-laboral-paredes-seguridad-dolor-de-ojos\/\" data-orig-file=\"https:\/\/i0.wp.com\/paredesseguridad.com\/blog\/wp-content\/uploads\/2021\/04\/Post-riesgos-seguridad-laboral-paredes-seguridad-dolor-de-ojos.jpg?fit=1500%2C1050&amp;ssl=1\" data-orig-size=\"1500,1050\" data-comments-opened=\"1\" data-image-meta=\"{&quot;aperture&quot;:&quot;0&quot;,&quot;credit&quot;:&quot;&quot;,&quot;camera&quot;:&quot;&quot;,&quot;caption&quot;:&quot;&quot;,&quot;created_timestamp&quot;:&quot;0&quot;,&quot;copyright&quot;:&quot;&quot;,&quot;focal_length&quot;:&quot;0&quot;,&quot;iso&quot;:&quot;0&quot;,&quot;shutter_speed&quot;:&quot;0&quot;,&quot;title&quot;:&quot;&quot;,&quot;orientation&quot;:&quot;0&quot;}\" data-image-title=\"Post-riesgos-seguridad-laboral-paredes-seguridad-dolor-de-ojos\" data-image-description=\"\" data-image-caption=\"\" data-medium-file=\"https:\/\/i0.wp.com\/paredesseguridad.com\/blog\/wp-content\/uploads\/2021\/04\/Post-riesgos-seguridad-laboral-paredes-seguridad-dolor-de-ojos.jpg?fit=300%2C210&amp;ssl=1\" data-large-file=\"https:\/\/i0.wp.com\/paredesseguridad.com\/blog\/wp-content\/uploads\/2021\/04\/Post-riesgos-seguridad-laboral-paredes-seguridad-dolor-de-ojos.jpg?fit=860%2C602&amp;ssl=1\" tabindex=\"0\" role=\"button\" src=\"https:\/\/i0.wp.com\/paredesseguridad.com\/blog\/wp-content\/uploads\/2021\/04\/Post-riesgos-seguridad-laboral-paredes-seguridad-dolor-de-ojos.jpg?resize=860%2C602&#038;ssl=1\" alt=\"dia de la seguridad y la salud laboral estr\u00e9s\" data-id=\"2159\" data-full-url=\"https:\/\/paredesseguridad.com\/blog\/wp-content\/uploads\/2021\/04\/Post-riesgos-seguridad-laboral-paredes-seguridad-dolor-de-ojos.jpg\" data-link=\"http:\/\/paredesseguridad.com\/blog\/dia-mundial-de-la-seguridad-y-la-salud-laboral\/post-riesgos-seguridad-laboral-paredes-seguridad-dolor-de-ojos\/\" class=\"wp-image-2159\" srcset=\"https:\/\/i0.wp.com\/paredesseguridad.com\/blog\/wp-content\/uploads\/2021\/04\/Post-riesgos-seguridad-laboral-paredes-seguridad-dolor-de-ojos.jpg?w=1500&amp;ssl=1 1500w, https:\/\/i0.wp.com\/paredesseguridad.com\/blog\/wp-content\/uploads\/2021\/04\/Post-riesgos-seguridad-laboral-paredes-seguridad-dolor-de-ojos.jpg?resize=300%2C210&amp;ssl=1 300w, https:\/\/i0.wp.com\/paredesseguridad.com\/blog\/wp-content\/uploads\/2021\/04\/Post-riesgos-seguridad-laboral-paredes-seguridad-dolor-de-ojos.jpg?resize=1024%2C717&amp;ssl=1 1024w, https:\/\/i0.wp.com\/paredesseguridad.com\/blog\/wp-content\/uploads\/2021\/04\/Post-riesgos-seguridad-laboral-paredes-seguridad-dolor-de-ojos.jpg?resize=768%2C538&amp;ssl=1 768w\" sizes=\"(max-width: 860px) 100vw, 860px\" \/><\/figure><\/li><\/ul><\/figure>\n\n\n\n<p>Es uno de los s\u00edntomas m\u00e1s comunes, tambi\u00e9n se deriva del exceso de trabajo y la continua exposici\u00f3n a pantallas y lectura de documentaci\u00f3n sin protecci\u00f3n lum\u00ednica.<\/p>\n\n\n\n<p>El ardor de ojos, cansancio, ojos rojos y pesadez de ojos son algunos de los s\u00edntomas.<\/p>\n\n\n\n<p>Esta afecci\u00f3n no suele derivar en ausencia laboral, pero si contribuye a estados de estr\u00e9s.<\/p>\n\n\n\n<h3 class=\"wp-block-heading\"><strong>3. Dolor de espalda (lumbalgia) y fatiga postural<\/strong><\/h3>\n\n\n\n<hr class=\"wp-block-separator\"\/>\n\n\n\n<figure class=\"wp-block-gallery aligncenter columns-1 is-cropped wp-block-gallery-4 is-layout-flex wp-block-gallery-is-layout-flex\"><ul class=\"blocks-gallery-grid\"><li class=\"blocks-gallery-item\"><figure><img data-recalc-dims=\"1\" loading=\"lazy\" decoding=\"async\" width=\"860\" height=\"573\" data-attachment-id=\"755\" data-permalink=\"https:\/\/paredesseguridad.com\/blog\/calzado-de-proteccion-laboral-blanco-paredes-seguridad\/calzado-de-seguridad-paredes-seguridad-linea-blanca-1\/\" data-orig-file=\"https:\/\/i0.wp.com\/paredesseguridad.com\/blog\/wp-content\/uploads\/2019\/09\/Calzado-de-seguridad-Paredes-Seguridad-Linea-Blanca-1.jpg?fit=1200%2C800&amp;ssl=1\" data-orig-size=\"1200,800\" data-comments-opened=\"1\" data-image-meta=\"{&quot;aperture&quot;:&quot;0&quot;,&quot;credit&quot;:&quot;&quot;,&quot;camera&quot;:&quot;&quot;,&quot;caption&quot;:&quot;&quot;,&quot;created_timestamp&quot;:&quot;0&quot;,&quot;copyright&quot;:&quot;&quot;,&quot;focal_length&quot;:&quot;0&quot;,&quot;iso&quot;:&quot;0&quot;,&quot;shutter_speed&quot;:&quot;0&quot;,&quot;title&quot;:&quot;&quot;,&quot;orientation&quot;:&quot;0&quot;}\" data-image-title=\"Calzado-de-seguridad-Paredes-Seguridad-Linea-Blanca-1\" data-image-description=\"\" data-image-caption=\"\" data-medium-file=\"https:\/\/i0.wp.com\/paredesseguridad.com\/blog\/wp-content\/uploads\/2019\/09\/Calzado-de-seguridad-Paredes-Seguridad-Linea-Blanca-1.jpg?fit=300%2C200&amp;ssl=1\" data-large-file=\"https:\/\/i0.wp.com\/paredesseguridad.com\/blog\/wp-content\/uploads\/2019\/09\/Calzado-de-seguridad-Paredes-Seguridad-Linea-Blanca-1.jpg?fit=860%2C574&amp;ssl=1\" tabindex=\"0\" role=\"button\" src=\"https:\/\/i0.wp.com\/paredesseguridad.com\/blog\/wp-content\/uploads\/2019\/09\/Calzado-de-seguridad-Paredes-Seguridad-Linea-Blanca-1.jpg?resize=860%2C573&#038;ssl=1\" alt=\"Calzado de Seguridad Paredes. L\u00ednea Blanca Uniformidad\" data-id=\"755\" data-full-url=\"https:\/\/paredesseguridad.com\/blog\/wp-content\/uploads\/2019\/09\/Calzado-de-seguridad-Paredes-Seguridad-Linea-Blanca-1.jpg\" data-link=\"http:\/\/paredesseguridad.com\/blog\/calzado-de-proteccion-laboral-blanco-paredes-seguridad\/calzado-de-seguridad-paredes-seguridad-linea-blanca-1\/\" class=\"wp-image-755\" srcset=\"https:\/\/i0.wp.com\/paredesseguridad.com\/blog\/wp-content\/uploads\/2019\/09\/Calzado-de-seguridad-Paredes-Seguridad-Linea-Blanca-1.jpg?w=1200&amp;ssl=1 1200w, https:\/\/i0.wp.com\/paredesseguridad.com\/blog\/wp-content\/uploads\/2019\/09\/Calzado-de-seguridad-Paredes-Seguridad-Linea-Blanca-1.jpg?resize=300%2C200&amp;ssl=1 300w, https:\/\/i0.wp.com\/paredesseguridad.com\/blog\/wp-content\/uploads\/2019\/09\/Calzado-de-seguridad-Paredes-Seguridad-Linea-Blanca-1.jpg?resize=768%2C512&amp;ssl=1 768w, https:\/\/i0.wp.com\/paredesseguridad.com\/blog\/wp-content\/uploads\/2019\/09\/Calzado-de-seguridad-Paredes-Seguridad-Linea-Blanca-1.jpg?resize=1024%2C683&amp;ssl=1 1024w\" sizes=\"(max-width: 860px) 100vw, 860px\" \/><\/figure><\/li><\/ul><\/figure>\n\n\n\n<p>La repetici\u00f3n de ciertos movimientos, las <strong>malas posturas habituales<\/strong> y la deficiente adaptaci\u00f3n en el puesto de trabajo, por mobiliario no adaptado como sillas y mesas, deriva en estas afecciones.<\/p>\n\n\n\n<p>Un mal asiento en una larga jornada laboral o <strong>movimientos repetitivos inadecuados y forzados para el cuerpo<\/strong>, desemboca en dolores musculares que pueden derivar en enfermedades posturales o s\u00edndromes como la dolencia del t\u00fanel carpiano, lumbalgia, dolor cervical, etc.<\/p>\n\n\n\n<p><\/p>\n\n\n\n<figure class=\"wp-block-gallery aligncenter columns-1 is-cropped wp-block-gallery-5 is-layout-flex wp-block-gallery-is-layout-flex\"><ul class=\"blocks-gallery-grid\"><li class=\"blocks-gallery-item\"><figure><img data-recalc-dims=\"1\" loading=\"lazy\" decoding=\"async\" width=\"860\" height=\"602\" data-attachment-id=\"2162\" data-permalink=\"https:\/\/paredesseguridad.com\/blog\/dia-mundial-de-la-seguridad-y-la-salud-laboral\/dia-de-la-seguridad-y-salud-en-el-trabajo-paredes-seguridad-dolor-lumbar\/\" data-orig-file=\"https:\/\/i0.wp.com\/paredesseguridad.com\/blog\/wp-content\/uploads\/2021\/04\/dia-de-la-seguridad-y-salud-en-el-trabajo-paredes-seguridad-dolor-lumbar.jpg?fit=1500%2C1050&amp;ssl=1\" data-orig-size=\"1500,1050\" data-comments-opened=\"1\" data-image-meta=\"{&quot;aperture&quot;:&quot;0&quot;,&quot;credit&quot;:&quot;&quot;,&quot;camera&quot;:&quot;&quot;,&quot;caption&quot;:&quot;&quot;,&quot;created_timestamp&quot;:&quot;0&quot;,&quot;copyright&quot;:&quot;&quot;,&quot;focal_length&quot;:&quot;0&quot;,&quot;iso&quot;:&quot;0&quot;,&quot;shutter_speed&quot;:&quot;0&quot;,&quot;title&quot;:&quot;&quot;,&quot;orientation&quot;:&quot;0&quot;}\" data-image-title=\"dia-de-la-seguridad-y-salud-en-el-trabajo-paredes-seguridad-dolor-lumbar\" data-image-description=\"\" data-image-caption=\"\" data-medium-file=\"https:\/\/i0.wp.com\/paredesseguridad.com\/blog\/wp-content\/uploads\/2021\/04\/dia-de-la-seguridad-y-salud-en-el-trabajo-paredes-seguridad-dolor-lumbar.jpg?fit=300%2C210&amp;ssl=1\" data-large-file=\"https:\/\/i0.wp.com\/paredesseguridad.com\/blog\/wp-content\/uploads\/2021\/04\/dia-de-la-seguridad-y-salud-en-el-trabajo-paredes-seguridad-dolor-lumbar.jpg?fit=860%2C602&amp;ssl=1\" tabindex=\"0\" role=\"button\" src=\"https:\/\/i0.wp.com\/paredesseguridad.com\/blog\/wp-content\/uploads\/2021\/04\/dia-de-la-seguridad-y-salud-en-el-trabajo-paredes-seguridad-dolor-lumbar.jpg?resize=860%2C602&#038;ssl=1\" alt=\"dia de la seguridad y la salud laboral estr\u00e9s\" data-id=\"2162\" data-full-url=\"https:\/\/paredesseguridad.com\/blog\/wp-content\/uploads\/2021\/04\/dia-de-la-seguridad-y-salud-en-el-trabajo-paredes-seguridad-dolor-lumbar.jpg\" data-link=\"http:\/\/paredesseguridad.com\/blog\/dia-mundial-de-la-seguridad-y-la-salud-laboral\/dia-de-la-seguridad-y-salud-en-el-trabajo-paredes-seguridad-dolor-lumbar\/\" class=\"wp-image-2162\" srcset=\"https:\/\/i0.wp.com\/paredesseguridad.com\/blog\/wp-content\/uploads\/2021\/04\/dia-de-la-seguridad-y-salud-en-el-trabajo-paredes-seguridad-dolor-lumbar.jpg?w=1500&amp;ssl=1 1500w, https:\/\/i0.wp.com\/paredesseguridad.com\/blog\/wp-content\/uploads\/2021\/04\/dia-de-la-seguridad-y-salud-en-el-trabajo-paredes-seguridad-dolor-lumbar.jpg?resize=300%2C210&amp;ssl=1 300w, https:\/\/i0.wp.com\/paredesseguridad.com\/blog\/wp-content\/uploads\/2021\/04\/dia-de-la-seguridad-y-salud-en-el-trabajo-paredes-seguridad-dolor-lumbar.jpg?resize=1024%2C717&amp;ssl=1 1024w, https:\/\/i0.wp.com\/paredesseguridad.com\/blog\/wp-content\/uploads\/2021\/04\/dia-de-la-seguridad-y-salud-en-el-trabajo-paredes-seguridad-dolor-lumbar.jpg?resize=768%2C538&amp;ssl=1 768w\" sizes=\"(max-width: 860px) 100vw, 860px\" \/><\/figure><\/li><\/ul><\/figure>\n\n\n\n<p><\/p>\n\n\n\n<p>La falta de ergonom\u00eda en el mobiliario de empresa tambi\u00e9n es un gran problema con el que muchos trabajadores lidian a menudo. Adem\u00e1s, a partir de 45 a\u00f1os, hay riesgo de desarrollar artritis o problemas permanentes de columna.<\/p>\n\n\n\n<h3 class=\"wp-block-heading\"><strong>4. Gastritis<\/strong><\/h3>\n\n\n\n<hr class=\"wp-block-separator\"\/>\n\n\n\n<figure class=\"wp-block-gallery aligncenter columns-1 is-cropped wp-block-gallery-6 is-layout-flex wp-block-gallery-is-layout-flex\"><ul class=\"blocks-gallery-grid\"><li class=\"blocks-gallery-item\"><figure><img data-recalc-dims=\"1\" loading=\"lazy\" decoding=\"async\" width=\"860\" height=\"602\" data-attachment-id=\"2163\" data-permalink=\"https:\/\/paredesseguridad.com\/blog\/dia-mundial-de-la-seguridad-y-la-salud-laboral\/dia-de-la-seguridad-y-salud-en-el-trabajo-paredes-seguridad-dolor-estomacal\/\" data-orig-file=\"https:\/\/i0.wp.com\/paredesseguridad.com\/blog\/wp-content\/uploads\/2021\/04\/dia-de-la-seguridad-y-salud-en-el-trabajo-paredes-seguridad-dolor-estomacal.jpg?fit=1500%2C1050&amp;ssl=1\" data-orig-size=\"1500,1050\" data-comments-opened=\"1\" data-image-meta=\"{&quot;aperture&quot;:&quot;0&quot;,&quot;credit&quot;:&quot;&quot;,&quot;camera&quot;:&quot;&quot;,&quot;caption&quot;:&quot;&quot;,&quot;created_timestamp&quot;:&quot;0&quot;,&quot;copyright&quot;:&quot;&quot;,&quot;focal_length&quot;:&quot;0&quot;,&quot;iso&quot;:&quot;0&quot;,&quot;shutter_speed&quot;:&quot;0&quot;,&quot;title&quot;:&quot;&quot;,&quot;orientation&quot;:&quot;0&quot;}\" data-image-title=\"dia-de-la-seguridad-y-salud-en-el-trabajo-paredes-seguridad-dolor-estomacal\" data-image-description=\"\" data-image-caption=\"\" data-medium-file=\"https:\/\/i0.wp.com\/paredesseguridad.com\/blog\/wp-content\/uploads\/2021\/04\/dia-de-la-seguridad-y-salud-en-el-trabajo-paredes-seguridad-dolor-estomacal.jpg?fit=300%2C210&amp;ssl=1\" data-large-file=\"https:\/\/i0.wp.com\/paredesseguridad.com\/blog\/wp-content\/uploads\/2021\/04\/dia-de-la-seguridad-y-salud-en-el-trabajo-paredes-seguridad-dolor-estomacal.jpg?fit=860%2C602&amp;ssl=1\" tabindex=\"0\" role=\"button\" src=\"https:\/\/i0.wp.com\/paredesseguridad.com\/blog\/wp-content\/uploads\/2021\/04\/dia-de-la-seguridad-y-salud-en-el-trabajo-paredes-seguridad-dolor-estomacal.jpg?resize=860%2C602&#038;ssl=1\" alt=\"dia de la seguridad y la salud laboral dolor estomacal\" data-id=\"2163\" data-full-url=\"https:\/\/paredesseguridad.com\/blog\/wp-content\/uploads\/2021\/04\/dia-de-la-seguridad-y-salud-en-el-trabajo-paredes-seguridad-dolor-estomacal.jpg\" data-link=\"http:\/\/paredesseguridad.com\/blog\/dia-mundial-de-la-seguridad-y-la-salud-laboral\/dia-de-la-seguridad-y-salud-en-el-trabajo-paredes-seguridad-dolor-estomacal\/\" class=\"wp-image-2163\" srcset=\"https:\/\/i0.wp.com\/paredesseguridad.com\/blog\/wp-content\/uploads\/2021\/04\/dia-de-la-seguridad-y-salud-en-el-trabajo-paredes-seguridad-dolor-estomacal.jpg?w=1500&amp;ssl=1 1500w, https:\/\/i0.wp.com\/paredesseguridad.com\/blog\/wp-content\/uploads\/2021\/04\/dia-de-la-seguridad-y-salud-en-el-trabajo-paredes-seguridad-dolor-estomacal.jpg?resize=300%2C210&amp;ssl=1 300w, https:\/\/i0.wp.com\/paredesseguridad.com\/blog\/wp-content\/uploads\/2021\/04\/dia-de-la-seguridad-y-salud-en-el-trabajo-paredes-seguridad-dolor-estomacal.jpg?resize=1024%2C717&amp;ssl=1 1024w, https:\/\/i0.wp.com\/paredesseguridad.com\/blog\/wp-content\/uploads\/2021\/04\/dia-de-la-seguridad-y-salud-en-el-trabajo-paredes-seguridad-dolor-estomacal.jpg?resize=768%2C538&amp;ssl=1 768w\" sizes=\"(max-width: 860px) 100vw, 860px\" \/><\/figure><\/li><\/ul><\/figure>\n\n\n\n<p>Ya coment\u00e1bamos que el estr\u00e9s puede ocasionar <strong>problemas gastrointestinales<\/strong>. El desorden ocasionado por el ritmo acelerado de trabajo, crea circunstancias poco saludables para las comidas. Se suele recurrir a comida r\u00e1pida y ultraprocesada. Y ni qu\u00e9 decir de las horas de comida, a destiempo y fuera de los ritmos naturales del cuerpo. <strong>Comer de forma acelerada y con prisas<\/strong> tambi\u00e9n es una de las causas m\u00e1s frecuentes que <strong>pueden provocar esta dolencia<\/strong>.<\/p>\n\n\n\n<p><strong>La gastritis est\u00e1 \u00edntimamente relacionada con el estr\u00e9s. <\/strong>Este fen\u00f3meno hace que el est\u00f3mago, sufra espasmos y contracci\u00f3n estomacal, generando una tensi\u00f3n muscular, creando acidez y rechazo a los alimentos.<\/p>\n\n\n\n<h3 class=\"wp-block-heading\">5. <strong>Fatiga\/Agotamiento<\/strong><\/h3>\n\n\n\n<hr class=\"wp-block-separator\"\/>\n\n\n\n<figure class=\"wp-block-gallery aligncenter columns-1 is-cropped wp-block-gallery-7 is-layout-flex wp-block-gallery-is-layout-flex\"><ul class=\"blocks-gallery-grid\"><li class=\"blocks-gallery-item\"><figure><img data-recalc-dims=\"1\" loading=\"lazy\" decoding=\"async\" width=\"860\" height=\"602\" data-attachment-id=\"2164\" data-permalink=\"https:\/\/paredesseguridad.com\/blog\/dia-mundial-de-la-seguridad-y-la-salud-laboral\/post-riesgos-seguridad-laboral-paredes-seguridad-dolor-de-cabeza-ojos\/\" data-orig-file=\"https:\/\/i0.wp.com\/paredesseguridad.com\/blog\/wp-content\/uploads\/2021\/04\/Post-riesgos-seguridad-laboral-paredes-seguridad-dolor-de-cabeza-ojos.jpg?fit=1500%2C1050&amp;ssl=1\" data-orig-size=\"1500,1050\" data-comments-opened=\"1\" data-image-meta=\"{&quot;aperture&quot;:&quot;0&quot;,&quot;credit&quot;:&quot;&quot;,&quot;camera&quot;:&quot;&quot;,&quot;caption&quot;:&quot;&quot;,&quot;created_timestamp&quot;:&quot;0&quot;,&quot;copyright&quot;:&quot;&quot;,&quot;focal_length&quot;:&quot;0&quot;,&quot;iso&quot;:&quot;0&quot;,&quot;shutter_speed&quot;:&quot;0&quot;,&quot;title&quot;:&quot;&quot;,&quot;orientation&quot;:&quot;0&quot;}\" data-image-title=\"Post-riesgos-seguridad-laboral-paredes-seguridad-dolor-de-cabeza-ojos\" data-image-description=\"\" data-image-caption=\"\" data-medium-file=\"https:\/\/i0.wp.com\/paredesseguridad.com\/blog\/wp-content\/uploads\/2021\/04\/Post-riesgos-seguridad-laboral-paredes-seguridad-dolor-de-cabeza-ojos.jpg?fit=300%2C210&amp;ssl=1\" data-large-file=\"https:\/\/i0.wp.com\/paredesseguridad.com\/blog\/wp-content\/uploads\/2021\/04\/Post-riesgos-seguridad-laboral-paredes-seguridad-dolor-de-cabeza-ojos.jpg?fit=860%2C602&amp;ssl=1\" tabindex=\"0\" role=\"button\" src=\"https:\/\/i0.wp.com\/paredesseguridad.com\/blog\/wp-content\/uploads\/2021\/04\/Post-riesgos-seguridad-laboral-paredes-seguridad-dolor-de-cabeza-ojos.jpg?resize=860%2C602&#038;ssl=1\" alt=\"dia de la seguridad y la salud laboral dolor estomacal\" data-id=\"2164\" data-full-url=\"https:\/\/paredesseguridad.com\/blog\/wp-content\/uploads\/2021\/04\/Post-riesgos-seguridad-laboral-paredes-seguridad-dolor-de-cabeza-ojos.jpg\" data-link=\"http:\/\/paredesseguridad.com\/blog\/dia-mundial-de-la-seguridad-y-la-salud-laboral\/post-riesgos-seguridad-laboral-paredes-seguridad-dolor-de-cabeza-ojos\/\" class=\"wp-image-2164\" srcset=\"https:\/\/i0.wp.com\/paredesseguridad.com\/blog\/wp-content\/uploads\/2021\/04\/Post-riesgos-seguridad-laboral-paredes-seguridad-dolor-de-cabeza-ojos.jpg?w=1500&amp;ssl=1 1500w, https:\/\/i0.wp.com\/paredesseguridad.com\/blog\/wp-content\/uploads\/2021\/04\/Post-riesgos-seguridad-laboral-paredes-seguridad-dolor-de-cabeza-ojos.jpg?resize=300%2C210&amp;ssl=1 300w, https:\/\/i0.wp.com\/paredesseguridad.com\/blog\/wp-content\/uploads\/2021\/04\/Post-riesgos-seguridad-laboral-paredes-seguridad-dolor-de-cabeza-ojos.jpg?resize=1024%2C717&amp;ssl=1 1024w, https:\/\/i0.wp.com\/paredesseguridad.com\/blog\/wp-content\/uploads\/2021\/04\/Post-riesgos-seguridad-laboral-paredes-seguridad-dolor-de-cabeza-ojos.jpg?resize=768%2C538&amp;ssl=1 768w\" sizes=\"(max-width: 860px) 100vw, 860px\" \/><\/figure><\/li><\/ul><\/figure>\n\n\n\n<p><\/p>\n\n\n\n<p>Tambi\u00e9n se le conoce como el <strong><em><a rel=\"noreferrer noopener\" href=\"https:\/\/psicologiaymente.com\/organizaciones\/burnout-sindrome-del-quemado\" target=\"_blank\">S\u00edndrome de Burnout<\/a><\/em><\/strong>. Entre los principales s\u00edntomas se encuentran:<\/p>\n\n\n\n<ul class=\"wp-block-list\"><li><strong>Fatiga<\/strong><\/li><li><strong>Aburrimiento<\/strong><\/li><li><strong>Frustraci\u00f3n<\/strong><\/li><li><strong>P\u00e9rdida de inter\u00e9s y motivaci\u00f3n<\/strong><\/li><li><strong>Apat\u00eda<\/strong><\/li><li><strong>Insomnio<\/strong><\/li><li><strong>Molestia muscular<\/strong><\/li><li><strong>Dolor de cabeza<\/strong><\/li><\/ul>\n\n\n\n<p>El <strong><a rel=\"noreferrer noopener\" href=\"https:\/\/www.redaccionmedica.com\/recursos-salud\/diccionario-enfermedades\/sindrome-fatiga-cronica\" target=\"_blank\">S\u00edndrome de la Fatiga Cr\u00f3nica<\/a><\/strong> (SFC) es un mal que puede disminuir hasta un 50% de la productividad laboral.<\/p>\n\n\n\n<hr class=\"wp-block-separator\"\/>\n\n\n\n<figure class=\"wp-block-gallery columns-2 is-cropped wp-block-gallery-8 is-layout-flex wp-block-gallery-is-layout-flex\"><ul class=\"blocks-gallery-grid\"><li class=\"blocks-gallery-item\"><figure><img data-recalc-dims=\"1\" loading=\"lazy\" decoding=\"async\" width=\"860\" height=\"602\" data-attachment-id=\"1871\" data-permalink=\"https:\/\/paredesseguridad.com\/blog\/como-llegar-sano-y-salvo-a-la-cena-de-navidad\/portada-blog-paredes-seguridad-navidad-1\/\" data-orig-file=\"https:\/\/i0.wp.com\/paredesseguridad.com\/blog\/wp-content\/uploads\/2020\/12\/PORTADA-BLOG-PAREDES-SEGURIDAD-NAVIDAD-1.jpg?fit=1500%2C1050&amp;ssl=1\" data-orig-size=\"1500,1050\" data-comments-opened=\"1\" data-image-meta=\"{&quot;aperture&quot;:&quot;0&quot;,&quot;credit&quot;:&quot;&quot;,&quot;camera&quot;:&quot;&quot;,&quot;caption&quot;:&quot;&quot;,&quot;created_timestamp&quot;:&quot;0&quot;,&quot;copyright&quot;:&quot;&quot;,&quot;focal_length&quot;:&quot;0&quot;,&quot;iso&quot;:&quot;0&quot;,&quot;shutter_speed&quot;:&quot;0&quot;,&quot;title&quot;:&quot;&quot;,&quot;orientation&quot;:&quot;0&quot;}\" data-image-title=\"PORTADA-BLOG-PAREDES-SEGURIDAD-NAVIDAD-1\" data-image-description=\"\" data-image-caption=\"\" data-medium-file=\"https:\/\/i0.wp.com\/paredesseguridad.com\/blog\/wp-content\/uploads\/2020\/12\/PORTADA-BLOG-PAREDES-SEGURIDAD-NAVIDAD-1.jpg?fit=300%2C210&amp;ssl=1\" data-large-file=\"https:\/\/i0.wp.com\/paredesseguridad.com\/blog\/wp-content\/uploads\/2020\/12\/PORTADA-BLOG-PAREDES-SEGURIDAD-NAVIDAD-1.jpg?fit=860%2C602&amp;ssl=1\" tabindex=\"0\" role=\"button\" src=\"https:\/\/i0.wp.com\/paredesseguridad.com\/blog\/wp-content\/uploads\/2020\/12\/PORTADA-BLOG-PAREDES-SEGURIDAD-NAVIDAD-1-1024x717.jpg?resize=860%2C602&#038;ssl=1\" alt=\"Llegar sano y salvo a la cena de Navidad\" data-id=\"1871\" data-full-url=\"https:\/\/paredesseguridad.com\/blog\/wp-content\/uploads\/2020\/12\/PORTADA-BLOG-PAREDES-SEGURIDAD-NAVIDAD-1.jpg\" data-link=\"http:\/\/paredesseguridad.com\/blog\/como-llegar-sano-y-salvo-a-la-cena-de-navidad\/portada-blog-paredes-seguridad-navidad-1\/\" class=\"wp-image-1871\" srcset=\"https:\/\/i0.wp.com\/paredesseguridad.com\/blog\/wp-content\/uploads\/2020\/12\/PORTADA-BLOG-PAREDES-SEGURIDAD-NAVIDAD-1.jpg?resize=1024%2C717&amp;ssl=1 1024w, https:\/\/i0.wp.com\/paredesseguridad.com\/blog\/wp-content\/uploads\/2020\/12\/PORTADA-BLOG-PAREDES-SEGURIDAD-NAVIDAD-1.jpg?resize=300%2C210&amp;ssl=1 300w, https:\/\/i0.wp.com\/paredesseguridad.com\/blog\/wp-content\/uploads\/2020\/12\/PORTADA-BLOG-PAREDES-SEGURIDAD-NAVIDAD-1.jpg?resize=768%2C538&amp;ssl=1 768w, https:\/\/i0.wp.com\/paredesseguridad.com\/blog\/wp-content\/uploads\/2020\/12\/PORTADA-BLOG-PAREDES-SEGURIDAD-NAVIDAD-1.jpg?w=1500&amp;ssl=1 1500w\" sizes=\"(max-width: 860px) 100vw, 860px\" \/><\/figure><\/li><li class=\"blocks-gallery-item\"><figure><img data-recalc-dims=\"1\" loading=\"lazy\" decoding=\"async\" width=\"860\" height=\"602\" data-attachment-id=\"1853\" data-permalink=\"https:\/\/paredesseguridad.com\/blog\/conoce-los-5-trabajos-mas-demandados-de-estas-fiestas\/portada-blog-paredes-seguridad-profesiones-navidad\/\" data-orig-file=\"https:\/\/i0.wp.com\/paredesseguridad.com\/blog\/wp-content\/uploads\/2020\/12\/PORTADA-BLOG-PAREDES-SEGURIDAD-PROFESIONES-NAVIDAD.jpg?fit=1500%2C1050&amp;ssl=1\" data-orig-size=\"1500,1050\" data-comments-opened=\"1\" data-image-meta=\"{&quot;aperture&quot;:&quot;0&quot;,&quot;credit&quot;:&quot;&quot;,&quot;camera&quot;:&quot;&quot;,&quot;caption&quot;:&quot;&quot;,&quot;created_timestamp&quot;:&quot;0&quot;,&quot;copyright&quot;:&quot;&quot;,&quot;focal_length&quot;:&quot;0&quot;,&quot;iso&quot;:&quot;0&quot;,&quot;shutter_speed&quot;:&quot;0&quot;,&quot;title&quot;:&quot;&quot;,&quot;orientation&quot;:&quot;0&quot;}\" data-image-title=\"PORTADA-BLOG-PAREDES-SEGURIDAD-PROFESIONES-NAVIDAD\" data-image-description=\"\" data-image-caption=\"\" data-medium-file=\"https:\/\/i0.wp.com\/paredesseguridad.com\/blog\/wp-content\/uploads\/2020\/12\/PORTADA-BLOG-PAREDES-SEGURIDAD-PROFESIONES-NAVIDAD.jpg?fit=300%2C210&amp;ssl=1\" data-large-file=\"https:\/\/i0.wp.com\/paredesseguridad.com\/blog\/wp-content\/uploads\/2020\/12\/PORTADA-BLOG-PAREDES-SEGURIDAD-PROFESIONES-NAVIDAD.jpg?fit=860%2C602&amp;ssl=1\" tabindex=\"0\" role=\"button\" src=\"https:\/\/i0.wp.com\/paredesseguridad.com\/blog\/wp-content\/uploads\/2020\/12\/PORTADA-BLOG-PAREDES-SEGURIDAD-PROFESIONES-NAVIDAD-1024x717.jpg?resize=860%2C602&#038;ssl=1\" alt=\"PROFESIONES PARA ESTA NAVIDAD 2020\" data-id=\"1853\" data-full-url=\"https:\/\/paredesseguridad.com\/blog\/wp-content\/uploads\/2020\/12\/PORTADA-BLOG-PAREDES-SEGURIDAD-PROFESIONES-NAVIDAD.jpg\" data-link=\"http:\/\/paredesseguridad.com\/blog\/conoce-los-5-trabajos-mas-demandados-de-estas-fiestas\/portada-blog-paredes-seguridad-profesiones-navidad\/\" class=\"wp-image-1853\" srcset=\"https:\/\/i0.wp.com\/paredesseguridad.com\/blog\/wp-content\/uploads\/2020\/12\/PORTADA-BLOG-PAREDES-SEGURIDAD-PROFESIONES-NAVIDAD.jpg?resize=1024%2C717&amp;ssl=1 1024w, https:\/\/i0.wp.com\/paredesseguridad.com\/blog\/wp-content\/uploads\/2020\/12\/PORTADA-BLOG-PAREDES-SEGURIDAD-PROFESIONES-NAVIDAD.jpg?resize=300%2C210&amp;ssl=1 300w, https:\/\/i0.wp.com\/paredesseguridad.com\/blog\/wp-content\/uploads\/2020\/12\/PORTADA-BLOG-PAREDES-SEGURIDAD-PROFESIONES-NAVIDAD.jpg?resize=768%2C538&amp;ssl=1 768w, https:\/\/i0.wp.com\/paredesseguridad.com\/blog\/wp-content\/uploads\/2020\/12\/PORTADA-BLOG-PAREDES-SEGURIDAD-PROFESIONES-NAVIDAD.jpg?w=1500&amp;ssl=1 1500w\" sizes=\"(max-width: 860px) 100vw, 860px\" \/><\/figure><\/li><\/ul><\/figure>\n\n\n\n<p><\/p>\n\n\n\n<p>La falta de energ\u00eda que provoca esta circunstancia tambi\u00e9n hace que haya m\u00e1s probabilidades de sufrir despistes, traspi\u00e9s y accidentes f\u00edsicos.<\/p>\n\n\n\n<p>Un buen calzado de seguridad, por ejemplo, puede ayudar a evitar el traspi\u00e9s o la ca\u00edda. En caso de accidente, tambi\u00e9n puede rebajar las lesiones gracias a su suela y puntera reforzada, componentes b\u00e1sicos en el calzado de protecci\u00f3n y seguridad.<\/p>\n\n\n\n<hr class=\"wp-block-separator\"\/>\n\n\n\n<figure class=\"wp-block-gallery aligncenter columns-2 is-cropped wp-block-gallery-9 is-layout-flex wp-block-gallery-is-layout-flex\"><ul class=\"blocks-gallery-grid\"><li class=\"blocks-gallery-item\"><figure><img data-recalc-dims=\"1\" loading=\"lazy\" decoding=\"async\" width=\"860\" height=\"602\" data-attachment-id=\"2055\" data-permalink=\"https:\/\/paredesseguridad.com\/blog\/clases-y-categorias-del-calzado-de-uso-profesional-de-paredes-seguridad\/portada-blog-paredes-seguridad-clases-tipologias-calzado-seguridad\/\" data-orig-file=\"https:\/\/i0.wp.com\/paredesseguridad.com\/blog\/wp-content\/uploads\/2021\/02\/PORTADA-BLOG-PAREDES-SEGURIDAD-CLASES-TIPOLOGIAS-CALZADO-SEGURIDAD.jpg?fit=1500%2C1050&amp;ssl=1\" data-orig-size=\"1500,1050\" data-comments-opened=\"1\" data-image-meta=\"{&quot;aperture&quot;:&quot;0&quot;,&quot;credit&quot;:&quot;&quot;,&quot;camera&quot;:&quot;&quot;,&quot;caption&quot;:&quot;&quot;,&quot;created_timestamp&quot;:&quot;0&quot;,&quot;copyright&quot;:&quot;&quot;,&quot;focal_length&quot;:&quot;0&quot;,&quot;iso&quot;:&quot;0&quot;,&quot;shutter_speed&quot;:&quot;0&quot;,&quot;title&quot;:&quot;&quot;,&quot;orientation&quot;:&quot;0&quot;}\" data-image-title=\"PORTADA-BLOG-PAREDES-SEGURIDAD-CLASES-TIPOLOGIAS-CALZADO-SEGURIDAD\" data-image-description=\"\" data-image-caption=\"\" data-medium-file=\"https:\/\/i0.wp.com\/paredesseguridad.com\/blog\/wp-content\/uploads\/2021\/02\/PORTADA-BLOG-PAREDES-SEGURIDAD-CLASES-TIPOLOGIAS-CALZADO-SEGURIDAD.jpg?fit=300%2C210&amp;ssl=1\" data-large-file=\"https:\/\/i0.wp.com\/paredesseguridad.com\/blog\/wp-content\/uploads\/2021\/02\/PORTADA-BLOG-PAREDES-SEGURIDAD-CLASES-TIPOLOGIAS-CALZADO-SEGURIDAD.jpg?fit=860%2C602&amp;ssl=1\" tabindex=\"0\" role=\"button\" src=\"https:\/\/i0.wp.com\/paredesseguridad.com\/blog\/wp-content\/uploads\/2021\/02\/PORTADA-BLOG-PAREDES-SEGURIDAD-CLASES-TIPOLOGIAS-CALZADO-SEGURIDAD.jpg?resize=860%2C602&#038;ssl=1\" alt=\"Paredes Seguridad Blog clases y categor\u00edas del calzado profesional\" data-id=\"2055\" data-full-url=\"https:\/\/paredesseguridad.com\/blog\/wp-content\/uploads\/2021\/02\/PORTADA-BLOG-PAREDES-SEGURIDAD-CLASES-TIPOLOGIAS-CALZADO-SEGURIDAD.jpg\" data-link=\"http:\/\/paredesseguridad.com\/blog\/clases-y-categorias-del-calzado-de-uso-profesional-de-paredes-seguridad\/portada-blog-paredes-seguridad-clases-tipologias-calzado-seguridad\/\" class=\"wp-image-2055\" srcset=\"https:\/\/i0.wp.com\/paredesseguridad.com\/blog\/wp-content\/uploads\/2021\/02\/PORTADA-BLOG-PAREDES-SEGURIDAD-CLASES-TIPOLOGIAS-CALZADO-SEGURIDAD.jpg?w=1500&amp;ssl=1 1500w, https:\/\/i0.wp.com\/paredesseguridad.com\/blog\/wp-content\/uploads\/2021\/02\/PORTADA-BLOG-PAREDES-SEGURIDAD-CLASES-TIPOLOGIAS-CALZADO-SEGURIDAD.jpg?resize=300%2C210&amp;ssl=1 300w, https:\/\/i0.wp.com\/paredesseguridad.com\/blog\/wp-content\/uploads\/2021\/02\/PORTADA-BLOG-PAREDES-SEGURIDAD-CLASES-TIPOLOGIAS-CALZADO-SEGURIDAD.jpg?resize=1024%2C717&amp;ssl=1 1024w, https:\/\/i0.wp.com\/paredesseguridad.com\/blog\/wp-content\/uploads\/2021\/02\/PORTADA-BLOG-PAREDES-SEGURIDAD-CLASES-TIPOLOGIAS-CALZADO-SEGURIDAD.jpg?resize=768%2C538&amp;ssl=1 768w\" sizes=\"(max-width: 860px) 100vw, 860px\" \/><\/figure><\/li><li class=\"blocks-gallery-item\"><figure><img data-recalc-dims=\"1\" loading=\"lazy\" decoding=\"async\" width=\"860\" height=\"573\" data-attachment-id=\"1994\" data-permalink=\"https:\/\/paredesseguridad.com\/blog\/conoce-los-tipos-de-materiales-usados-en-el-calzado-laboral-de-paredes-seguridad\/carbono-plus-gr-am-3\/\" data-orig-file=\"https:\/\/i0.wp.com\/paredesseguridad.com\/blog\/wp-content\/uploads\/2021\/02\/CARBONO-PLUS-GR-AM-3.jpg?fit=2500%2C1667&amp;ssl=1\" data-orig-size=\"2500,1667\" data-comments-opened=\"1\" data-image-meta=\"{&quot;aperture&quot;:&quot;22&quot;,&quot;credit&quot;:&quot;&quot;,&quot;camera&quot;:&quot;NIKON D850&quot;,&quot;caption&quot;:&quot;&quot;,&quot;created_timestamp&quot;:&quot;1493424451&quot;,&quot;copyright&quot;:&quot;&quot;,&quot;focal_length&quot;:&quot;60&quot;,&quot;iso&quot;:&quot;100&quot;,&quot;shutter_speed&quot;:&quot;0.008&quot;,&quot;title&quot;:&quot;&quot;,&quot;orientation&quot;:&quot;1&quot;}\" data-image-title=\"CARBONO PLUS GR-AM 3\" data-image-description=\"\" data-image-caption=\"\" data-medium-file=\"https:\/\/i0.wp.com\/paredesseguridad.com\/blog\/wp-content\/uploads\/2021\/02\/CARBONO-PLUS-GR-AM-3.jpg?fit=300%2C200&amp;ssl=1\" data-large-file=\"https:\/\/i0.wp.com\/paredesseguridad.com\/blog\/wp-content\/uploads\/2021\/02\/CARBONO-PLUS-GR-AM-3.jpg?fit=860%2C574&amp;ssl=1\" tabindex=\"0\" role=\"button\" src=\"https:\/\/i0.wp.com\/paredesseguridad.com\/blog\/wp-content\/uploads\/2021\/02\/CARBONO-PLUS-GR-AM-3.jpg?resize=860%2C573&#038;ssl=1\" alt=\"\" data-id=\"1994\" data-full-url=\"https:\/\/paredesseguridad.com\/blog\/wp-content\/uploads\/2021\/02\/CARBONO-PLUS-GR-AM-3.jpg\" data-link=\"http:\/\/paredesseguridad.com\/blog\/conoce-los-tipos-de-materiales-usados-en-el-calzado-laboral-de-paredes-seguridad\/carbono-plus-gr-am-3\/\" class=\"wp-image-1994\" srcset=\"https:\/\/i0.wp.com\/paredesseguridad.com\/blog\/wp-content\/uploads\/2021\/02\/CARBONO-PLUS-GR-AM-3.jpg?w=2500&amp;ssl=1 2500w, https:\/\/i0.wp.com\/paredesseguridad.com\/blog\/wp-content\/uploads\/2021\/02\/CARBONO-PLUS-GR-AM-3.jpg?resize=300%2C200&amp;ssl=1 300w, https:\/\/i0.wp.com\/paredesseguridad.com\/blog\/wp-content\/uploads\/2021\/02\/CARBONO-PLUS-GR-AM-3.jpg?resize=1024%2C683&amp;ssl=1 1024w, https:\/\/i0.wp.com\/paredesseguridad.com\/blog\/wp-content\/uploads\/2021\/02\/CARBONO-PLUS-GR-AM-3.jpg?resize=768%2C512&amp;ssl=1 768w, https:\/\/i0.wp.com\/paredesseguridad.com\/blog\/wp-content\/uploads\/2021\/02\/CARBONO-PLUS-GR-AM-3.jpg?resize=1536%2C1024&amp;ssl=1 1536w, https:\/\/i0.wp.com\/paredesseguridad.com\/blog\/wp-content\/uploads\/2021\/02\/CARBONO-PLUS-GR-AM-3.jpg?resize=2048%2C1366&amp;ssl=1 2048w, https:\/\/i0.wp.com\/paredesseguridad.com\/blog\/wp-content\/uploads\/2021\/02\/CARBONO-PLUS-GR-AM-3.jpg?w=1720 1720w\" sizes=\"(max-width: 860px) 100vw, 860px\" \/><\/figure><\/li><\/ul><\/figure>\n\n\n\n<p><\/p>\n\n\n\n<p>En <strong><a rel=\"noreferrer noopener\" href=\"https:\/\/paredesseguridad.com\/blog\/5-tipos-de-riesgos-laborales-y-como-evitarlos\/\" target=\"_blank\">este art\u00edculo<\/a> <\/strong>tambi\u00e9n podr\u00e1s conocer m\u00e1s riesgos laborales y c\u00f3mo evitarlos.<\/p>\n\n\n\n<p>En <strong><a href=\"https:\/\/www.paredesseguridad.com\/\" target=\"_blank\" rel=\"noreferrer noopener\">Paredes Seguridad<\/a><\/strong>, la salud, la protecci\u00f3n y la seguridad laboral es nuestra prioridad. Conoce todo nuestro calzado de seguridad y mascarillas en <strong><a href=\"https:\/\/www.paredesseguridad.com\/\" target=\"_blank\" rel=\"noreferrer noopener\">paredesseguridad.com<\/a><\/strong>.<\/p>\n","protected":false},"excerpt":{"rendered":"<p>Hoy es el D\u00eda Mundial de la Seguridad Laboral y queremos recordarte que queda mucho por hacer. Hoy te traemos al blog las 5 enfermedades m\u00e1s comunes y c\u00f3mo prevenirlas.<\/p>\n","protected":false},"author":2,"featured_media":2152,"comment_status":"open","ping_status":"open","sticky":false,"template":"","format":"standard","meta":{"_jetpack_memberships_contains_paid_content":false,"footnotes":""},"categories":[1],"tags":[],"class_list":["post-2136","post","type-post","status-publish","format-standard","has-post-thumbnail","hentry","category-blog"],"better_featured_image":{"id":2152,"alt_text":"dia de la seguridad y la salud laboral estr\u00e9s","caption":"","description":"","media_type":"image","media_details":{"width":1500,"height":1050,"file":"2021\/04\/Post-dia-de-la-seguridad-laboral-blog-paredes.jpg","sizes":{"medium":{"file":"Post-dia-de-la-seguridad-laboral-blog-paredes-300x210.jpg","width":300,"height":210,"mime-type":"image\/jpeg","source_url":"https:\/\/i0.wp.com\/paredesseguridad.com\/blog\/wp-content\/uploads\/2021\/04\/Post-dia-de-la-seguridad-laboral-blog-paredes.jpg?fit=300%2C210&ssl=1"},"large":{"file":"Post-dia-de-la-seguridad-laboral-blog-paredes-1024x717.jpg","width":1024,"height":717,"mime-type":"image\/jpeg","source_url":"https:\/\/i0.wp.com\/paredesseguridad.com\/blog\/wp-content\/uploads\/2021\/04\/Post-dia-de-la-seguridad-laboral-blog-paredes.jpg?fit=860%2C602&ssl=1"},"thumbnail":{"file":"Post-dia-de-la-seguridad-laboral-blog-paredes-150x150.jpg","width":150,"height":150,"mime-type":"image\/jpeg","source_url":"https:\/\/i0.wp.com\/paredesseguridad.com\/blog\/wp-content\/uploads\/2021\/04\/Post-dia-de-la-seguridad-laboral-blog-paredes.jpg?resize=150%2C150&ssl=1"},"medium_large":{"file":"Post-dia-de-la-seguridad-laboral-blog-paredes-768x538.jpg","width":768,"height":538,"mime-type":"image\/jpeg","source_url":"https:\/\/i0.wp.com\/paredesseguridad.com\/blog\/wp-content\/uploads\/2021\/04\/Post-dia-de-la-seguridad-laboral-blog-paredes.jpg?fit=768%2C538&ssl=1"}},"image_meta":{"aperture":"0","credit":"","camera":"","caption":"","created_timestamp":"0","copyright":"","focal_length":"0","iso":"0","shutter_speed":"0","title":"","orientation":"0","keywords":[]}},"post":2136,"source_url":"https:\/\/paredesseguridad.com\/blog\/wp-content\/uploads\/2021\/04\/Post-dia-de-la-seguridad-laboral-blog-paredes.jpg"},"yoast_head":"<!-- This site is optimized with the Yoast SEO plugin v23.4 - https:\/\/yoast.com\/wordpress\/plugins\/seo\/ -->\n<title>D\u00eda Mundial de la Seguridad Laboral | Paredes Seguridad | Blog<\/title>\n<meta name=\"description\" content=\"En el D\u00eda Mundial de la Seguridad Laboral, te contamos las seis enfermedades m\u00e1s frecuentes que siguen afectando a trabajadores y a empresas.\" \/>\n<meta name=\"robots\" content=\"index, follow, max-snippet:-1, max-image-preview:large, max-video-preview:-1\" \/>\n<link rel=\"canonical\" href=\"http:\/\/paredesseguridad.com\/blog\/dia-mundial-de-la-seguridad-y-la-salud-laboral\/\" \/>\n<meta property=\"og:locale\" content=\"es_ES\" \/>\n<meta property=\"og:type\" content=\"article\" \/>\n<meta property=\"og:title\" content=\"D\u00eda Mundial de la Seguridad Laboral | Paredes Seguridad | Blog\" \/>\n<meta property=\"og:description\" content=\"En el D\u00eda Mundial de la Seguridad Laboral, te contamos las seis enfermedades m\u00e1s frecuentes que siguen afectando a trabajadores y a empresas.\" \/>\n<meta property=\"og:url\" content=\"http:\/\/paredesseguridad.com\/blog\/dia-mundial-de-la-seguridad-y-la-salud-laboral\/\" \/>\n<meta property=\"og:site_name\" content=\"Blog de Paredes Seguridad\" \/>\n<meta property=\"article:published_time\" content=\"2021-04-28T08:06:17+00:00\" \/>\n<meta property=\"article:modified_time\" content=\"2021-04-28T10:10:45+00:00\" \/>\n<meta property=\"og:image\" content=\"https:\/\/i2.wp.com\/paredesseguridad.com\/blog\/wp-content\/uploads\/2021\/04\/Post-dia-de-la-seguridad-laboral-blog-paredes.jpg?fit=1500%2C1050\" \/>\n\t<meta property=\"og:image:width\" content=\"1500\" \/>\n\t<meta property=\"og:image:height\" content=\"1050\" \/>\n\t<meta property=\"og:image:type\" content=\"image\/jpeg\" \/>\n<meta name=\"author\" content=\"Paredes Seguridad Blog\" \/>\n<meta name=\"twitter:card\" content=\"summary_large_image\" \/>\n<meta name=\"twitter:label1\" content=\"Escrito por\" \/>\n\t<meta name=\"twitter:data1\" content=\"Paredes Seguridad Blog\" \/>\n\t<meta name=\"twitter:label2\" content=\"Tiempo de lectura\" \/>\n\t<meta name=\"twitter:data2\" content=\"7 minutos\" \/>\n<script type=\"application\/ld+json\" class=\"yoast-schema-graph\">{\"@context\":\"https:\/\/schema.org\",\"@graph\":[{\"@type\":\"WebPage\",\"@id\":\"http:\/\/paredesseguridad.com\/blog\/dia-mundial-de-la-seguridad-y-la-salud-laboral\/\",\"url\":\"http:\/\/paredesseguridad.com\/blog\/dia-mundial-de-la-seguridad-y-la-salud-laboral\/\",\"name\":\"D\u00eda Mundial de la Seguridad Laboral | Paredes Seguridad | Blog\",\"isPartOf\":{\"@id\":\"https:\/\/paredesseguridad.com\/blog\/#website\"},\"primaryImageOfPage\":{\"@id\":\"http:\/\/paredesseguridad.com\/blog\/dia-mundial-de-la-seguridad-y-la-salud-laboral\/#primaryimage\"},\"image\":{\"@id\":\"http:\/\/paredesseguridad.com\/blog\/dia-mundial-de-la-seguridad-y-la-salud-laboral\/#primaryimage\"},\"thumbnailUrl\":\"https:\/\/i0.wp.com\/paredesseguridad.com\/blog\/wp-content\/uploads\/2021\/04\/Post-dia-de-la-seguridad-laboral-blog-paredes.jpg?fit=1500%2C1050&ssl=1\",\"datePublished\":\"2021-04-28T08:06:17+00:00\",\"dateModified\":\"2021-04-28T10:10:45+00:00\",\"author\":{\"@id\":\"https:\/\/paredesseguridad.com\/blog\/#\/schema\/person\/79ea1d860750f45d2c24c5a9df19ac4f\"},\"description\":\"En el D\u00eda Mundial de la Seguridad Laboral, te contamos las seis enfermedades m\u00e1s frecuentes que siguen afectando a trabajadores y a empresas.\",\"breadcrumb\":{\"@id\":\"http:\/\/paredesseguridad.com\/blog\/dia-mundial-de-la-seguridad-y-la-salud-laboral\/#breadcrumb\"},\"inLanguage\":\"es\",\"potentialAction\":[{\"@type\":\"ReadAction\",\"target\":[\"http:\/\/paredesseguridad.com\/blog\/dia-mundial-de-la-seguridad-y-la-salud-laboral\/\"]}]},{\"@type\":\"ImageObject\",\"inLanguage\":\"es\",\"@id\":\"http:\/\/paredesseguridad.com\/blog\/dia-mundial-de-la-seguridad-y-la-salud-laboral\/#primaryimage\",\"url\":\"https:\/\/i0.wp.com\/paredesseguridad.com\/blog\/wp-content\/uploads\/2021\/04\/Post-dia-de-la-seguridad-laboral-blog-paredes.jpg?fit=1500%2C1050&ssl=1\",\"contentUrl\":\"https:\/\/i0.wp.com\/paredesseguridad.com\/blog\/wp-content\/uploads\/2021\/04\/Post-dia-de-la-seguridad-laboral-blog-paredes.jpg?fit=1500%2C1050&ssl=1\",\"width\":1500,\"height\":1050,\"caption\":\"dia de la seguridad y la salud laboral estr\u00e9s\"},{\"@type\":\"BreadcrumbList\",\"@id\":\"http:\/\/paredesseguridad.com\/blog\/dia-mundial-de-la-seguridad-y-la-salud-laboral\/#breadcrumb\",\"itemListElement\":[{\"@type\":\"ListItem\",\"position\":1,\"name\":\"Portada\",\"item\":\"https:\/\/paredesseguridad.com\/blog\/\"},{\"@type\":\"ListItem\",\"position\":2,\"name\":\"D\u00eda Mundial de la Seguridad y la Salud Laboral\"}]},{\"@type\":\"WebSite\",\"@id\":\"https:\/\/paredesseguridad.com\/blog\/#website\",\"url\":\"https:\/\/paredesseguridad.com\/blog\/\",\"name\":\"Blog de Paredes Seguridad\",\"description\":\"Calzados Paredes es una de las grandes firmas espa\u00f1olas de calzado desde hace m\u00e1s de 55 a\u00f1os.\",\"potentialAction\":[{\"@type\":\"SearchAction\",\"target\":{\"@type\":\"EntryPoint\",\"urlTemplate\":\"https:\/\/paredesseguridad.com\/blog\/?s={search_term_string}\"},\"query-input\":{\"@type\":\"PropertyValueSpecification\",\"valueRequired\":true,\"valueName\":\"search_term_string\"}}],\"inLanguage\":\"es\"},{\"@type\":\"Person\",\"@id\":\"https:\/\/paredesseguridad.com\/blog\/#\/schema\/person\/79ea1d860750f45d2c24c5a9df19ac4f\",\"name\":\"Paredes Seguridad Blog\",\"image\":{\"@type\":\"ImageObject\",\"inLanguage\":\"es\",\"@id\":\"https:\/\/paredesseguridad.com\/blog\/#\/schema\/person\/image\/\",\"url\":\"https:\/\/secure.gravatar.com\/avatar\/f9af108c778d1b950675deeba855c317?s=96&d=mm&r=g\",\"contentUrl\":\"https:\/\/secure.gravatar.com\/avatar\/f9af108c778d1b950675deeba855c317?s=96&d=mm&r=g\",\"caption\":\"Paredes Seguridad Blog\"},\"url\":\"https:\/\/paredesseguridad.com\/blog\/author\/paredes-seguridad-blog\/\"}]}<\/script>\n<!-- \/ Yoast SEO plugin. -->","yoast_head_json":{"title":"D\u00eda Mundial de la Seguridad Laboral | Paredes Seguridad | Blog","description":"En el D\u00eda Mundial de la Seguridad Laboral, te contamos las seis enfermedades m\u00e1s frecuentes que siguen afectando a trabajadores y a empresas.","robots":{"index":"index","follow":"follow","max-snippet":"max-snippet:-1","max-image-preview":"max-image-preview:large","max-video-preview":"max-video-preview:-1"},"canonical":"http:\/\/paredesseguridad.com\/blog\/dia-mundial-de-la-seguridad-y-la-salud-laboral\/","og_locale":"es_ES","og_type":"article","og_title":"D\u00eda Mundial de la Seguridad Laboral | Paredes Seguridad | Blog","og_description":"En el D\u00eda Mundial de la Seguridad Laboral, te contamos las seis enfermedades m\u00e1s frecuentes que siguen afectando a trabajadores y a empresas.","og_url":"http:\/\/paredesseguridad.com\/blog\/dia-mundial-de-la-seguridad-y-la-salud-laboral\/","og_site_name":"Blog de Paredes Seguridad","article_published_time":"2021-04-28T08:06:17+00:00","article_modified_time":"2021-04-28T10:10:45+00:00","og_image":[{"width":1500,"height":1050,"url":"https:\/\/i2.wp.com\/paredesseguridad.com\/blog\/wp-content\/uploads\/2021\/04\/Post-dia-de-la-seguridad-laboral-blog-paredes.jpg?fit=1500%2C1050","type":"image\/jpeg"}],"author":"Paredes Seguridad Blog","twitter_card":"summary_large_image","twitter_misc":{"Escrito por":"Paredes Seguridad Blog","Tiempo de lectura":"7 minutos"},"schema":{"@context":"https:\/\/schema.org","@graph":[{"@type":"WebPage","@id":"http:\/\/paredesseguridad.com\/blog\/dia-mundial-de-la-seguridad-y-la-salud-laboral\/","url":"http:\/\/paredesseguridad.com\/blog\/dia-mundial-de-la-seguridad-y-la-salud-laboral\/","name":"D\u00eda Mundial de la Seguridad Laboral | Paredes Seguridad | Blog","isPartOf":{"@id":"https:\/\/paredesseguridad.com\/blog\/#website"},"primaryImageOfPage":{"@id":"http:\/\/paredesseguridad.com\/blog\/dia-mundial-de-la-seguridad-y-la-salud-laboral\/#primaryimage"},"image":{"@id":"http:\/\/paredesseguridad.com\/blog\/dia-mundial-de-la-seguridad-y-la-salud-laboral\/#primaryimage"},"thumbnailUrl":"https:\/\/i0.wp.com\/paredesseguridad.com\/blog\/wp-content\/uploads\/2021\/04\/Post-dia-de-la-seguridad-laboral-blog-paredes.jpg?fit=1500%2C1050&ssl=1","datePublished":"2021-04-28T08:06:17+00:00","dateModified":"2021-04-28T10:10:45+00:00","author":{"@id":"https:\/\/paredesseguridad.com\/blog\/#\/schema\/person\/79ea1d860750f45d2c24c5a9df19ac4f"},"description":"En el D\u00eda Mundial de la Seguridad Laboral, te contamos las seis enfermedades m\u00e1s frecuentes que siguen afectando a trabajadores y a empresas.","breadcrumb":{"@id":"http:\/\/paredesseguridad.com\/blog\/dia-mundial-de-la-seguridad-y-la-salud-laboral\/#breadcrumb"},"inLanguage":"es","potentialAction":[{"@type":"ReadAction","target":["http:\/\/paredesseguridad.com\/blog\/dia-mundial-de-la-seguridad-y-la-salud-laboral\/"]}]},{"@type":"ImageObject","inLanguage":"es","@id":"http:\/\/paredesseguridad.com\/blog\/dia-mundial-de-la-seguridad-y-la-salud-laboral\/#primaryimage","url":"https:\/\/i0.wp.com\/paredesseguridad.com\/blog\/wp-content\/uploads\/2021\/04\/Post-dia-de-la-seguridad-laboral-blog-paredes.jpg?fit=1500%2C1050&ssl=1","contentUrl":"https:\/\/i0.wp.com\/paredesseguridad.com\/blog\/wp-content\/uploads\/2021\/04\/Post-dia-de-la-seguridad-laboral-blog-paredes.jpg?fit=1500%2C1050&ssl=1","width":1500,"height":1050,"caption":"dia de la seguridad y la salud laboral estr\u00e9s"},{"@type":"BreadcrumbList","@id":"http:\/\/paredesseguridad.com\/blog\/dia-mundial-de-la-seguridad-y-la-salud-laboral\/#breadcrumb","itemListElement":[{"@type":"ListItem","position":1,"name":"Portada","item":"https:\/\/paredesseguridad.com\/blog\/"},{"@type":"ListItem","position":2,"name":"D\u00eda Mundial de la Seguridad y la Salud Laboral"}]},{"@type":"WebSite","@id":"https:\/\/paredesseguridad.com\/blog\/#website","url":"https:\/\/paredesseguridad.com\/blog\/","name":"Blog de Paredes Seguridad","description":"Calzados Paredes es una de las grandes firmas espa\u00f1olas de calzado desde hace m\u00e1s de 55 a\u00f1os.","potentialAction":[{"@type":"SearchAction","target":{"@type":"EntryPoint","urlTemplate":"https:\/\/paredesseguridad.com\/blog\/?s={search_term_string}"},"query-input":{"@type":"PropertyValueSpecification","valueRequired":true,"valueName":"search_term_string"}}],"inLanguage":"es"},{"@type":"Person","@id":"https:\/\/paredesseguridad.com\/blog\/#\/schema\/person\/79ea1d860750f45d2c24c5a9df19ac4f","name":"Paredes Seguridad Blog","image":{"@type":"ImageObject","inLanguage":"es","@id":"https:\/\/paredesseguridad.com\/blog\/#\/schema\/person\/image\/","url":"https:\/\/secure.gravatar.com\/avatar\/f9af108c778d1b950675deeba855c317?s=96&d=mm&r=g","contentUrl":"https:\/\/secure.gravatar.com\/avatar\/f9af108c778d1b950675deeba855c317?s=96&d=mm&r=g","caption":"Paredes Seguridad Blog"},"url":"https:\/\/paredesseguridad.com\/blog\/author\/paredes-seguridad-blog\/"}]}},"jetpack_sharing_enabled":true,"jetpack_featured_media_url":"https:\/\/i0.wp.com\/paredesseguridad.com\/blog\/wp-content\/uploads\/2021\/04\/Post-dia-de-la-seguridad-laboral-blog-paredes.jpg?fit=1500%2C1050&ssl=1","_links":{"self":[{"href":"https:\/\/paredesseguridad.com\/blog\/wp-json\/wp\/v2\/posts\/2136"}],"collection":[{"href":"https:\/\/paredesseguridad.com\/blog\/wp-json\/wp\/v2\/posts"}],"about":[{"href":"https:\/\/paredesseguridad.com\/blog\/wp-json\/wp\/v2\/types\/post"}],"author":[{"embeddable":true,"href":"https:\/\/paredesseguridad.com\/blog\/wp-json\/wp\/v2\/users\/2"}],"replies":[{"embeddable":true,"href":"https:\/\/paredesseguridad.com\/blog\/wp-json\/wp\/v2\/comments?post=2136"}],"version-history":[{"count":18,"href":"https:\/\/paredesseguridad.com\/blog\/wp-json\/wp\/v2\/posts\/2136\/revisions"}],"predecessor-version":[{"id":2172,"href":"https:\/\/paredesseguridad.com\/blog\/wp-json\/wp\/v2\/posts\/2136\/revisions\/2172"}],"wp:featuredmedia":[{"embeddable":true,"href":"https:\/\/paredesseguridad.com\/blog\/wp-json\/wp\/v2\/media\/2152"}],"wp:attachment":[{"href":"https:\/\/paredesseguridad.com\/blog\/wp-json\/wp\/v2\/media?parent=2136"}],"wp:term":[{"taxonomy":"category","embeddable":true,"href":"https:\/\/paredesseguridad.com\/blog\/wp-json\/wp\/v2\/categories?post=2136"},{"taxonomy":"post_tag","embeddable":true,"href":"https:\/\/paredesseguridad.com\/blog\/wp-json\/wp\/v2\/tags?post=2136"}],"curies":[{"name":"wp","href":"https:\/\/api.w.org\/{rel}","templated":true}]}}