{"id":2733,"date":"2024-07-01T14:00:44","date_gmt":"2024-07-01T12:00:44","guid":{"rendered":"https:\/\/paredesseguridad.com\/blog\/?p=2733"},"modified":"2024-07-10T12:00:58","modified_gmt":"2024-07-10T10:00:58","slug":"fomentando-la-salud-y-la-seguridad-en-el-trabajo-colaboracion-de-paredes-seguridad-y-5-al-dia","status":"publish","type":"post","link":"https:\/\/paredesseguridad.com\/blog\/fomentando-la-salud-y-la-seguridad-en-el-trabajo-colaboracion-de-paredes-seguridad-y-5-al-dia\/","title":{"rendered":"Fomentando la salud y la seguridad en el trabajo: colaboraci\u00f3n de Paredes Seguridad y \u00ab5 al D\u00eda\u00bb"},"content":{"rendered":"\n<p>Colaboraci\u00f3n de Paredes Seguridad y 5 al D\u00eda para promover la salud y la protecci\u00f3n laboral<\/p>\n\n\n\n<h2 class=\"wp-block-heading\">Desde Paredes Seguridad nos asociamos con <a href=\"https:\/\/www.5aldia.org\/es\" target=\"_blank\" rel=\"noreferrer noopener\"><em>5 al D\u00eda<\/em><\/a> para potenciar la salud y seguridad laboral en el sector hortofrut\u00edcola, mejorando el bienestar de los trabajadores a todos los niveles.<\/h2>\n\n\n\n<!--more-->\n\n\n\n<p>En<strong> Paredes Seguridad<\/strong>, entendemos que la seguridad en el trabajo no solo se trata de protecci\u00f3n f\u00edsica que ofrecemos a trav\u00e9s de nuestro calzado de seguridad, sino tambi\u00e9n del bienestar integral de los trabajadores. Por eso, estamos orgullosos de anunciar nuestra nueva <strong>colaboraci\u00f3n entre Paredes Seguridad y \u00ab5 al D\u00eda\u00bb<\/strong>. Este convenio de colaboraci\u00f3n tiene como objetivo optimizar la calidad y seguridad laboral en el sector hortofrut\u00edcola de Espa\u00f1a, beneficiando a todos los eslabones de la cadena de valor, desde el productor hasta la distribuci\u00f3n.<\/p>\n\n\n\n<h2 class=\"wp-block-heading\">Colaboraci\u00f3n Paredes Seguridad y<em> <a href=\"https:\/\/www.5aldia.org\/es\" target=\"_blank\" rel=\"noreferrer noopener\">5 al D\u00eda<\/a><\/em><\/h2>\n\n\n\n<p>La Asociaci\u00f3n de <strong><a href=\"https:\/\/www.5aldia.org\/es\" target=\"_blank\" rel=\"noreferrer noopener\"><em>5 al D\u00eda<\/em> <\/a><\/strong>refleja nuestro compromiso por fomentar h\u00e1bitos de vida saludables que integren una correcta alimentaci\u00f3n rica en frutas y hortalizas, as\u00ed como la pr\u00e1ctica regular de actividad f\u00edsica y la promoci\u00f3n de la seguridad en el entorno laboral y social. Ambas entidades trabajaremos en estrecha colaboraci\u00f3n para proporcionar el mejor calzado de seguridad adaptado espec\u00edficamente a las necesidades de los trabajadores en el sector de frutas y hortalizas. Realizaremos estudios in situ en las instalaciones de las entidades asociadas a <em><strong>5 al D\u00eda <\/strong><\/em>para prescribir el calzado m\u00e1s adecuado para cada tipo de tarea y trabajador, garantizando as\u00ed una protecci\u00f3n y confort \u00f3ptimos.<\/p>\n\n\n\n<p><\/p>\n\n\n\n<div class=\"wp-block-jetpack-slideshow aligncenter\" data-effect=\"slide\"><div class=\"wp-block-jetpack-slideshow_container swiper-container\"><ul class=\"wp-block-jetpack-slideshow_swiper-wrapper swiper-wrapper\"><li class=\"wp-block-jetpack-slideshow_slide swiper-slide\"><figure><img data-recalc-dims=\"1\" fetchpriority=\"high\" decoding=\"async\" width=\"860\" height=\"860\" alt=\"Beneficios de las frutas y verduras colaboraci\u00f3n 5 al d\u00eda\" class=\"wp-block-jetpack-slideshow_image wp-image-2739\" data-id=\"2739\" src=\"https:\/\/i0.wp.com\/paredesseguridad.com\/blog\/wp-content\/uploads\/2024\/07\/colaboracion-5-al-dia-y-paredes-seguridad-1.png?resize=860%2C860\" srcset=\"https:\/\/i0.wp.com\/paredesseguridad.com\/blog\/wp-content\/uploads\/2024\/07\/colaboracion-5-al-dia-y-paredes-seguridad-1.png?resize=1024%2C1024&amp;ssl=1 1024w, https:\/\/i0.wp.com\/paredesseguridad.com\/blog\/wp-content\/uploads\/2024\/07\/colaboracion-5-al-dia-y-paredes-seguridad-1.png?resize=300%2C300&amp;ssl=1 300w, https:\/\/i0.wp.com\/paredesseguridad.com\/blog\/wp-content\/uploads\/2024\/07\/colaboracion-5-al-dia-y-paredes-seguridad-1.png?resize=150%2C150&amp;ssl=1 150w, https:\/\/i0.wp.com\/paredesseguridad.com\/blog\/wp-content\/uploads\/2024\/07\/colaboracion-5-al-dia-y-paredes-seguridad-1.png?resize=768%2C768&amp;ssl=1 768w, https:\/\/i0.wp.com\/paredesseguridad.com\/blog\/wp-content\/uploads\/2024\/07\/colaboracion-5-al-dia-y-paredes-seguridad-1.png?w=1080&amp;ssl=1 1080w\" sizes=\"(max-width: 860px) 100vw, 860px\" \/><\/figure><\/li><li class=\"wp-block-jetpack-slideshow_slide swiper-slide\"><figure><img data-recalc-dims=\"1\" decoding=\"async\" width=\"860\" height=\"860\" alt=\"Beneficios de las frutas y verduras y Paredes Seguridad\" class=\"wp-block-jetpack-slideshow_image wp-image-2740\" data-id=\"2740\" src=\"https:\/\/i0.wp.com\/paredesseguridad.com\/blog\/wp-content\/uploads\/2024\/07\/colaboracion-5-al-dia-y-paredes-seguridad-2.png?resize=860%2C860\" srcset=\"https:\/\/i0.wp.com\/paredesseguridad.com\/blog\/wp-content\/uploads\/2024\/07\/colaboracion-5-al-dia-y-paredes-seguridad-2.png?resize=1024%2C1024&amp;ssl=1 1024w, https:\/\/i0.wp.com\/paredesseguridad.com\/blog\/wp-content\/uploads\/2024\/07\/colaboracion-5-al-dia-y-paredes-seguridad-2.png?resize=300%2C300&amp;ssl=1 300w, https:\/\/i0.wp.com\/paredesseguridad.com\/blog\/wp-content\/uploads\/2024\/07\/colaboracion-5-al-dia-y-paredes-seguridad-2.png?resize=150%2C150&amp;ssl=1 150w, https:\/\/i0.wp.com\/paredesseguridad.com\/blog\/wp-content\/uploads\/2024\/07\/colaboracion-5-al-dia-y-paredes-seguridad-2.png?resize=768%2C768&amp;ssl=1 768w, https:\/\/i0.wp.com\/paredesseguridad.com\/blog\/wp-content\/uploads\/2024\/07\/colaboracion-5-al-dia-y-paredes-seguridad-2.png?w=1080&amp;ssl=1 1080w\" sizes=\"(max-width: 860px) 100vw, 860px\" \/><\/figure><\/li><li class=\"wp-block-jetpack-slideshow_slide swiper-slide\"><figure><img data-recalc-dims=\"1\" decoding=\"async\" width=\"860\" height=\"860\" alt=\"Beneficios de las frutas y verduras con Paredes Seguridad\" class=\"wp-block-jetpack-slideshow_image wp-image-2741\" data-id=\"2741\" src=\"https:\/\/i0.wp.com\/paredesseguridad.com\/blog\/wp-content\/uploads\/2024\/07\/colaboracion-5-al-dia-y-paredes-seguridad-3.png?resize=860%2C860\" srcset=\"https:\/\/i0.wp.com\/paredesseguridad.com\/blog\/wp-content\/uploads\/2024\/07\/colaboracion-5-al-dia-y-paredes-seguridad-3.png?resize=1024%2C1024&amp;ssl=1 1024w, https:\/\/i0.wp.com\/paredesseguridad.com\/blog\/wp-content\/uploads\/2024\/07\/colaboracion-5-al-dia-y-paredes-seguridad-3.png?resize=300%2C300&amp;ssl=1 300w, https:\/\/i0.wp.com\/paredesseguridad.com\/blog\/wp-content\/uploads\/2024\/07\/colaboracion-5-al-dia-y-paredes-seguridad-3.png?resize=150%2C150&amp;ssl=1 150w, https:\/\/i0.wp.com\/paredesseguridad.com\/blog\/wp-content\/uploads\/2024\/07\/colaboracion-5-al-dia-y-paredes-seguridad-3.png?resize=768%2C768&amp;ssl=1 768w, https:\/\/i0.wp.com\/paredesseguridad.com\/blog\/wp-content\/uploads\/2024\/07\/colaboracion-5-al-dia-y-paredes-seguridad-3.png?w=1080&amp;ssl=1 1080w\" sizes=\"(max-width: 860px) 100vw, 860px\" \/><\/figure><\/li><li class=\"wp-block-jetpack-slideshow_slide swiper-slide\"><figure><img data-recalc-dims=\"1\" loading=\"lazy\" decoding=\"async\" width=\"860\" height=\"860\" alt=\"Colaboraci\u00f3n Paredes Seguridad y 5 Al D\u00eda\" class=\"wp-block-jetpack-slideshow_image wp-image-2746\" data-id=\"2746\" src=\"https:\/\/i0.wp.com\/paredesseguridad.com\/blog\/wp-content\/uploads\/2024\/07\/colaboracion-5-al-dia-y-paredes-seguridad-8.png?resize=860%2C860\" srcset=\"https:\/\/i0.wp.com\/paredesseguridad.com\/blog\/wp-content\/uploads\/2024\/07\/colaboracion-5-al-dia-y-paredes-seguridad-8.png?resize=1024%2C1024&amp;ssl=1 1024w, https:\/\/i0.wp.com\/paredesseguridad.com\/blog\/wp-content\/uploads\/2024\/07\/colaboracion-5-al-dia-y-paredes-seguridad-8.png?resize=300%2C300&amp;ssl=1 300w, https:\/\/i0.wp.com\/paredesseguridad.com\/blog\/wp-content\/uploads\/2024\/07\/colaboracion-5-al-dia-y-paredes-seguridad-8.png?resize=150%2C150&amp;ssl=1 150w, https:\/\/i0.wp.com\/paredesseguridad.com\/blog\/wp-content\/uploads\/2024\/07\/colaboracion-5-al-dia-y-paredes-seguridad-8.png?resize=768%2C768&amp;ssl=1 768w, https:\/\/i0.wp.com\/paredesseguridad.com\/blog\/wp-content\/uploads\/2024\/07\/colaboracion-5-al-dia-y-paredes-seguridad-8.png?w=1080&amp;ssl=1 1080w\" sizes=\"(max-width: 860px) 100vw, 860px\" \/><\/figure><\/li><\/ul><a class=\"wp-block-jetpack-slideshow_button-prev swiper-button-prev swiper-button-white\" role=\"button\"><\/a><a class=\"wp-block-jetpack-slideshow_button-next swiper-button-next swiper-button-white\" role=\"button\"><\/a><a aria-label=\"Pause Slideshow\" class=\"wp-block-jetpack-slideshow_button-pause\" role=\"button\"><\/a><div class=\"wp-block-jetpack-slideshow_pagination swiper-pagination swiper-pagination-white\"><\/div><\/div><\/div>\n\n\n\n<p><\/p>\n\n\n\n<h2 class=\"wp-block-heading\">Objetivos de la alianza con <strong><em>5 al D\u00eda<\/em><\/strong><\/h2>\n\n\n\n<p>El acuerdo se centra en dos aspectos principales: la optimizaci\u00f3n de la calidad y seguridad laboral y la promoci\u00f3n de h\u00e1bitos de vida saludables. Ambas partes trabajaremos para proporcionar el mejor calzado de seguridad adaptado a las necesidades espec\u00edficas de los trabajadores en el sector de frutas y hortalizas. Este enfoque integral incluye:<\/p>\n\n\n\n<ul class=\"wp-block-list\"><li><strong>Evaluaci\u00f3n in situ:<\/strong> realizaremos estudios en las instalaciones de las entidades asociadas a \u00ab5 al D\u00eda\u00bb para prescribir el calzado m\u00e1s adecuado para cada tarea y trabajador.<\/li><li><strong>Promoci\u00f3n de h\u00e1bitos saludables:<\/strong> fomentaremos una alimentaci\u00f3n rica en frutas y verduras, junto con la pr\u00e1ctica regular de actividad f\u00edsica.<\/li><\/ul>\n\n\n\n<p><strong>Rafael Paredes<\/strong>, CEO de Paredes Seguridad, coment\u00f3: <em>\u00abEstamos muy emocionados de trabajar con &#8216;5 al D\u00eda&#8217;. Esta colaboraci\u00f3n no solo refuerza nuestro compromiso con la seguridad laboral sino que tambi\u00e9n nos permite contribuir significativamente a la mejora del bienestar de los trabajadores en el sector hortofrut\u00edcola, un pilar fundamental en la econom\u00eda y salud del pa\u00eds\u00bb.<\/em><\/p>\n\n\n\n<p><\/p>\n\n\n\n<figure class=\"wp-block-gallery columns-1 is-cropped wp-block-gallery-1 is-layout-flex wp-block-gallery-is-layout-flex\"><ul class=\"blocks-gallery-grid\"><li class=\"blocks-gallery-item\"><figure><img data-recalc-dims=\"1\" loading=\"lazy\" decoding=\"async\" width=\"860\" height=\"574\" data-attachment-id=\"2750\" data-permalink=\"https:\/\/paredesseguridad.com\/blog\/fomentando-la-salud-y-la-seguridad-en-el-trabajo-colaboracion-de-paredes-seguridad-y-5-al-dia\/calzado-de-seguridad-cop-y-dop\/\" data-orig-file=\"https:\/\/i0.wp.com\/paredesseguridad.com\/blog\/wp-content\/uploads\/2024\/07\/CALZADO-DE-SEGURIDAD-COP-Y-DOP.jpg?fit=1500%2C1000&amp;ssl=1\" data-orig-size=\"1500,1000\" data-comments-opened=\"1\" data-image-meta=\"{&quot;aperture&quot;:&quot;0&quot;,&quot;credit&quot;:&quot;&quot;,&quot;camera&quot;:&quot;&quot;,&quot;caption&quot;:&quot;&quot;,&quot;created_timestamp&quot;:&quot;0&quot;,&quot;copyright&quot;:&quot;&quot;,&quot;focal_length&quot;:&quot;0&quot;,&quot;iso&quot;:&quot;0&quot;,&quot;shutter_speed&quot;:&quot;0&quot;,&quot;title&quot;:&quot;&quot;,&quot;orientation&quot;:&quot;0&quot;}\" data-image-title=\"CALZADO-DE-SEGURIDAD-COP-Y-DOP\" data-image-description=\"\" data-image-caption=\"\" data-medium-file=\"https:\/\/i0.wp.com\/paredesseguridad.com\/blog\/wp-content\/uploads\/2024\/07\/CALZADO-DE-SEGURIDAD-COP-Y-DOP.jpg?fit=300%2C200&amp;ssl=1\" data-large-file=\"https:\/\/i0.wp.com\/paredesseguridad.com\/blog\/wp-content\/uploads\/2024\/07\/CALZADO-DE-SEGURIDAD-COP-Y-DOP.jpg?fit=860%2C574&amp;ssl=1\" tabindex=\"0\" role=\"button\" src=\"https:\/\/i0.wp.com\/paredesseguridad.com\/blog\/wp-content\/uploads\/2024\/07\/CALZADO-DE-SEGURIDAD-COP-Y-DOP.jpg?resize=860%2C574\" alt=\"Calzado de seguridad dise\u00f1ado por Paredes Seguridad para el sector agr\u00edcola en especial fruta\" data-id=\"2750\" data-full-url=\"http:\/\/paredesseguridad.com\/blog\/wp-content\/uploads\/2024\/07\/CALZADO-DE-SEGURIDAD-COP-Y-DOP.jpg\" data-link=\"https:\/\/paredesseguridad.com\/blog\/?attachment_id=2750\" class=\"wp-image-2750\" srcset=\"https:\/\/i0.wp.com\/paredesseguridad.com\/blog\/wp-content\/uploads\/2024\/07\/CALZADO-DE-SEGURIDAD-COP-Y-DOP.jpg?resize=1024%2C683&amp;ssl=1 1024w, https:\/\/i0.wp.com\/paredesseguridad.com\/blog\/wp-content\/uploads\/2024\/07\/CALZADO-DE-SEGURIDAD-COP-Y-DOP.jpg?resize=300%2C200&amp;ssl=1 300w, https:\/\/i0.wp.com\/paredesseguridad.com\/blog\/wp-content\/uploads\/2024\/07\/CALZADO-DE-SEGURIDAD-COP-Y-DOP.jpg?resize=768%2C512&amp;ssl=1 768w, https:\/\/i0.wp.com\/paredesseguridad.com\/blog\/wp-content\/uploads\/2024\/07\/CALZADO-DE-SEGURIDAD-COP-Y-DOP.jpg?w=1500&amp;ssl=1 1500w\" sizes=\"(max-width: 860px) 100vw, 860px\" \/><\/figure><\/li><\/ul><\/figure>\n\n\n\n<p><\/p>\n\n\n\n<div class=\"wp-block-buttons is-content-justification-center is-layout-flex wp-block-buttons-is-layout-flex\">\n<div class=\"wp-block-button is-style-outline is-style-outline--a49624b0b314c80cd87f3d10f8a9ff16\"><a class=\"wp-block-button__link no-border-radius\" href=\"https:\/\/www.paredesseguridad.com\/lineas\/?linea-blanca\" target=\"_blank\" rel=\"noreferrer noopener\">L\u00cdNEA BLANCA DE PAREDES SEGURIDAD<\/a><\/div>\n<\/div>\n\n\n\n<p><\/p>\n\n\n\n<figure class=\"wp-block-gallery columns-1 is-cropped wp-block-gallery-2 is-layout-flex wp-block-gallery-is-layout-flex\"><ul class=\"blocks-gallery-grid\"><li class=\"blocks-gallery-item\"><figure><img data-recalc-dims=\"1\" loading=\"lazy\" decoding=\"async\" width=\"860\" height=\"1290\" data-attachment-id=\"2749\" data-permalink=\"https:\/\/paredesseguridad.com\/blog\/fomentando-la-salud-y-la-seguridad-en-el-trabajo-colaboracion-de-paredes-seguridad-y-5-al-dia\/calzado-de-seguridad-cop-y-dop-1\/\" data-orig-file=\"https:\/\/i0.wp.com\/paredesseguridad.com\/blog\/wp-content\/uploads\/2024\/07\/CALZADO-DE-SEGURIDAD-COP-Y-DOP-1.jpg?fit=1500%2C2250&amp;ssl=1\" data-orig-size=\"1500,2250\" data-comments-opened=\"1\" data-image-meta=\"{&quot;aperture&quot;:&quot;0&quot;,&quot;credit&quot;:&quot;&quot;,&quot;camera&quot;:&quot;&quot;,&quot;caption&quot;:&quot;&quot;,&quot;created_timestamp&quot;:&quot;0&quot;,&quot;copyright&quot;:&quot;VICTOR SARABIA GRAU&quot;,&quot;focal_length&quot;:&quot;0&quot;,&quot;iso&quot;:&quot;0&quot;,&quot;shutter_speed&quot;:&quot;0&quot;,&quot;title&quot;:&quot;&quot;,&quot;orientation&quot;:&quot;0&quot;}\" data-image-title=\"CALZADO-DE-SEGURIDAD-COP-Y-DOP-1\" data-image-description=\"\" data-image-caption=\"\" data-medium-file=\"https:\/\/i0.wp.com\/paredesseguridad.com\/blog\/wp-content\/uploads\/2024\/07\/CALZADO-DE-SEGURIDAD-COP-Y-DOP-1.jpg?fit=200%2C300&amp;ssl=1\" data-large-file=\"https:\/\/i0.wp.com\/paredesseguridad.com\/blog\/wp-content\/uploads\/2024\/07\/CALZADO-DE-SEGURIDAD-COP-Y-DOP-1.jpg?fit=683%2C1024&amp;ssl=1\" tabindex=\"0\" role=\"button\" src=\"https:\/\/i0.wp.com\/paredesseguridad.com\/blog\/wp-content\/uploads\/2024\/07\/CALZADO-DE-SEGURIDAD-COP-Y-DOP-1.jpg?resize=860%2C1290&#038;ssl=1\" alt=\"Calzado de seguridad dise\u00f1ado por Paredes Seguridad para el sector agr\u00edcola\" data-id=\"2749\" data-full-url=\"http:\/\/paredesseguridad.com\/blog\/wp-content\/uploads\/2024\/07\/CALZADO-DE-SEGURIDAD-COP-Y-DOP-1.jpg\" data-link=\"https:\/\/paredesseguridad.com\/blog\/?attachment_id=2749\" class=\"wp-image-2749\" srcset=\"https:\/\/i0.wp.com\/paredesseguridad.com\/blog\/wp-content\/uploads\/2024\/07\/CALZADO-DE-SEGURIDAD-COP-Y-DOP-1.jpg?w=1500&amp;ssl=1 1500w, https:\/\/i0.wp.com\/paredesseguridad.com\/blog\/wp-content\/uploads\/2024\/07\/CALZADO-DE-SEGURIDAD-COP-Y-DOP-1.jpg?resize=200%2C300&amp;ssl=1 200w, https:\/\/i0.wp.com\/paredesseguridad.com\/blog\/wp-content\/uploads\/2024\/07\/CALZADO-DE-SEGURIDAD-COP-Y-DOP-1.jpg?resize=683%2C1024&amp;ssl=1 683w, https:\/\/i0.wp.com\/paredesseguridad.com\/blog\/wp-content\/uploads\/2024\/07\/CALZADO-DE-SEGURIDAD-COP-Y-DOP-1.jpg?resize=768%2C1152&amp;ssl=1 768w, https:\/\/i0.wp.com\/paredesseguridad.com\/blog\/wp-content\/uploads\/2024\/07\/CALZADO-DE-SEGURIDAD-COP-Y-DOP-1.jpg?resize=1024%2C1536&amp;ssl=1 1024w, https:\/\/i0.wp.com\/paredesseguridad.com\/blog\/wp-content\/uploads\/2024\/07\/CALZADO-DE-SEGURIDAD-COP-Y-DOP-1.jpg?resize=1365%2C2048&amp;ssl=1 1365w\" sizes=\"(max-width: 860px) 100vw, 860px\" \/><\/figure><\/li><\/ul><\/figure>\n\n\n\n<p><\/p>\n\n\n\n<div class=\"wp-block-buttons is-content-justification-center is-layout-flex wp-block-buttons-is-layout-flex\">\n<div class=\"wp-block-button is-style-outline is-style-outline--a49624b0b314c80cd87f3d10f8a9ff16\"><a class=\"wp-block-button__link no-border-radius\" href=\"https:\/\/www.paredesseguridad.com\/lineas\/?linea-blanca\" target=\"_blank\" rel=\"noreferrer noopener\">L\u00cdNEA BLANCA DE PAREDES SEGURIDAD<\/a><\/div>\n<\/div>\n\n\n\n<p><\/p>\n\n\n\n<h2 class=\"wp-block-heading\">Te cuidamos por dentro y por fuera<\/h2>\n\n\n\n<p>En<strong> Paredes Seguridad<\/strong>, creemos que una alimentaci\u00f3n saludable y la pr\u00e1ctica regular de actividad f\u00edsica son fundamentales para el bienestar de los trabajadores. Adem\u00e1s de nuestra colaboraci\u00f3n con <em><strong><a href=\"https:\/\/www.5aldia.org\/es\" target=\"_blank\" rel=\"noreferrer noopener\">5 al D\u00eda<\/a><\/strong><\/em> para promover el consumo de frutas y verduras, tambi\u00e9n alentamos a los trabajadores a participar en actividades al aire libre como el <strong>senderismo<\/strong>. Estas actividades no solo mejoran la salud f\u00edsica, sino que tambi\u00e9n ofrecen beneficios mentales significativos, como la reducci\u00f3n del estr\u00e9s y una mayor conexi\u00f3n con la naturaleza.<\/p>\n\n\n\n<p>Para aquellos interesados en explorar los beneficios de conectar con la naturaleza, nuestra marca asociada, <strong><a href=\"https:\/\/www.paredes.es\/es\/\" target=\"_blank\" rel=\"noreferrer noopener\">Paredes<\/a><\/strong>, te prepara para esas jornadas al aire libre y en comuni\u00f3n con la naturaleza con su calzado de trekking y senderismo. Las <strong>zapatillas Paredes<\/strong> est\u00e1n dise\u00f1adas para proporcionar confort y seguridad, permiti\u00e9ndote disfrutar al m\u00e1ximo de tus aventuras al aire libre.<\/p>\n\n\n\n<p>Descubre m\u00e1s sobre nuestras iniciativas y productos en <a href=\"https:\/\/www.paredesseguridad.com\/\">Paredes Seguridad<\/a> y explora nuestra l\u00ednea de calzado de senderismo en <a href=\"https:\/\/www.paredes.es\">Paredes<\/a>. Juntos, podemos crear un futuro m\u00e1s saludable y seguro para todos.<\/p>\n\n\n\n<p>Para m\u00e1s informaci\u00f3n, contacta con nosotros en el 966630052, en <strong>paredesseguridad.com<\/strong>, as\u00ed como en la web oficial de <a href=\"http:\/\/www.5aldia.org\"><em><strong>5 al D\u00eda<\/strong><\/em><\/a>.<\/p>\n\n\n\n<p><\/p>\n\n\n\n<p><\/p>\n","protected":false},"excerpt":{"rendered":"<p>Colaboraci\u00f3n de Paredes Seguridad y 5 al D\u00eda para promover la salud y la protecci\u00f3n laboral Desde Paredes Seguridad nos asociamos con 5 al D\u00eda para potenciar la salud y seguridad laboral en el sector hortofrut\u00edcola, mejorando el bienestar de los trabajadores a todos los niveles.<\/p>\n","protected":false},"author":2,"featured_media":2757,"comment_status":"open","ping_status":"open","sticky":false,"template":"","format":"standard","meta":{"_jetpack_memberships_contains_paid_content":false,"footnotes":""},"categories":[1,4],"tags":[211,202,208,201,8,203,205,206,210,6,212,207,204,209],"class_list":["post-2733","post","type-post","status-publish","format-standard","has-post-thumbnail","hentry","category-blog","category-novedades-paredes-seguridad","tag-5-al-dia","tag-actividades-al-aire-libre","tag-bienestar-en-el-trabajo","tag-bienestar-integral","tag-calzado-de-seguridad","tag-colaboracion-saludable","tag-convenio-de-colaboracion","tag-frutas-y-verduras","tag-innovacion-laboral","tag-paredes-seguridad","tag-salud-y-seguridad-laboral","tag-sector-hortofruticola","tag-senderismo","tag-vida-saludable"],"better_featured_image":{"id":2757,"alt_text":"Acuerdo de colaboraci\u00f3n 5 al D\u00eda y Paredes Seguridad","caption":"","description":"","media_type":"image","media_details":{"width":1500,"height":1000,"file":"2024\/07\/PAREDES-SEGURIDAD-Y-5.AL-DIA-COLABORACION.png","sizes":{"medium":{"file":"PAREDES-SEGURIDAD-Y-5.AL-DIA-COLABORACION-300x200.png","width":300,"height":200,"mime-type":"image\/png","source_url":"https:\/\/i0.wp.com\/paredesseguridad.com\/blog\/wp-content\/uploads\/2024\/07\/PAREDES-SEGURIDAD-Y-5.AL-DIA-COLABORACION.png?fit=300%2C200&ssl=1"},"large":{"file":"PAREDES-SEGURIDAD-Y-5.AL-DIA-COLABORACION-1024x683.png","width":1024,"height":683,"mime-type":"image\/png","source_url":"https:\/\/i0.wp.com\/paredesseguridad.com\/blog\/wp-content\/uploads\/2024\/07\/PAREDES-SEGURIDAD-Y-5.AL-DIA-COLABORACION.png?fit=860%2C574&ssl=1"},"thumbnail":{"file":"PAREDES-SEGURIDAD-Y-5.AL-DIA-COLABORACION-150x150.png","width":150,"height":150,"mime-type":"image\/png","source_url":"https:\/\/i0.wp.com\/paredesseguridad.com\/blog\/wp-content\/uploads\/2024\/07\/PAREDES-SEGURIDAD-Y-5.AL-DIA-COLABORACION.png?resize=150%2C150&ssl=1"},"medium_large":{"file":"PAREDES-SEGURIDAD-Y-5.AL-DIA-COLABORACION-768x512.png","width":768,"height":512,"mime-type":"image\/png","source_url":"https:\/\/i0.wp.com\/paredesseguridad.com\/blog\/wp-content\/uploads\/2024\/07\/PAREDES-SEGURIDAD-Y-5.AL-DIA-COLABORACION.png?fit=768%2C512&ssl=1"}},"image_meta":{"aperture":"0","credit":"","camera":"","caption":"","created_timestamp":"0","copyright":"","focal_length":"0","iso":"0","shutter_speed":"0","title":"","orientation":"0","keywords":[]}},"post":2733,"source_url":"https:\/\/paredesseguridad.com\/blog\/wp-content\/uploads\/2024\/07\/PAREDES-SEGURIDAD-Y-5.AL-DIA-COLABORACION.png"},"yoast_head":"<!-- This site is optimized with the Yoast SEO plugin v23.4 - https:\/\/yoast.com\/wordpress\/plugins\/seo\/ -->\n<title>Salud y la seguridad en el trabajo: Paredes Seguridad y &quot;5 al D\u00eda&quot; unen fuerzas | Blog | Paredes SEGUR<\/title>\n<meta name=\"description\" content=\"Te contamos la colaboraci\u00f3n de Paredes Seguridad y 5 al D\u00eda para mejora la salud y seguridad laboral en el sector trabajo a todos los niveles\" \/>\n<meta name=\"robots\" content=\"index, follow, max-snippet:-1, max-image-preview:large, max-video-preview:-1\" \/>\n<link rel=\"canonical\" href=\"https:\/\/paredesseguridad.com\/blog\/fomentando-la-salud-y-la-seguridad-en-el-trabajo-colaboracion-de-paredes-seguridad-y-5-al-dia\/\" \/>\n<meta property=\"og:locale\" content=\"es_ES\" \/>\n<meta property=\"og:type\" content=\"article\" \/>\n<meta property=\"og:title\" content=\"Salud y la seguridad en el trabajo: Paredes Seguridad y &quot;5 al D\u00eda&quot; unen fuerzas | Blog | Paredes SEGUR\" \/>\n<meta property=\"og:description\" content=\"Te contamos la colaboraci\u00f3n de Paredes Seguridad y 5 al D\u00eda para mejora la salud y seguridad laboral en el sector trabajo a todos los niveles\" \/>\n<meta property=\"og:url\" content=\"https:\/\/paredesseguridad.com\/blog\/fomentando-la-salud-y-la-seguridad-en-el-trabajo-colaboracion-de-paredes-seguridad-y-5-al-dia\/\" \/>\n<meta property=\"og:site_name\" content=\"Blog de Paredes Seguridad\" \/>\n<meta property=\"article:published_time\" content=\"2024-07-01T12:00:44+00:00\" \/>\n<meta property=\"article:modified_time\" content=\"2024-07-10T10:00:58+00:00\" \/>\n<meta property=\"og:image\" content=\"http:\/\/paredesseguridad.com\/blog\/wp-content\/uploads\/2024\/07\/PAREDES-SEGURIDAD-Y-5.AL-DIA-COLABORACION.png\" \/>\n\t<meta property=\"og:image:width\" content=\"1500\" \/>\n\t<meta property=\"og:image:height\" content=\"1000\" \/>\n\t<meta property=\"og:image:type\" content=\"image\/png\" \/>\n<meta name=\"author\" content=\"Paredes Seguridad Blog\" \/>\n<meta name=\"twitter:card\" content=\"summary_large_image\" \/>\n<meta name=\"twitter:label1\" content=\"Escrito por\" \/>\n\t<meta name=\"twitter:data1\" content=\"Paredes Seguridad Blog\" \/>\n\t<meta name=\"twitter:label2\" content=\"Tiempo de lectura\" \/>\n\t<meta name=\"twitter:data2\" content=\"5 minutos\" \/>\n<script type=\"application\/ld+json\" class=\"yoast-schema-graph\">{\"@context\":\"https:\/\/schema.org\",\"@graph\":[{\"@type\":\"WebPage\",\"@id\":\"https:\/\/paredesseguridad.com\/blog\/fomentando-la-salud-y-la-seguridad-en-el-trabajo-colaboracion-de-paredes-seguridad-y-5-al-dia\/\",\"url\":\"https:\/\/paredesseguridad.com\/blog\/fomentando-la-salud-y-la-seguridad-en-el-trabajo-colaboracion-de-paredes-seguridad-y-5-al-dia\/\",\"name\":\"Salud y la seguridad en el trabajo: Paredes Seguridad y \\\"5 al D\u00eda\\\" unen fuerzas | Blog | Paredes SEGUR\",\"isPartOf\":{\"@id\":\"https:\/\/paredesseguridad.com\/blog\/#website\"},\"primaryImageOfPage\":{\"@id\":\"https:\/\/paredesseguridad.com\/blog\/fomentando-la-salud-y-la-seguridad-en-el-trabajo-colaboracion-de-paredes-seguridad-y-5-al-dia\/#primaryimage\"},\"image\":{\"@id\":\"https:\/\/paredesseguridad.com\/blog\/fomentando-la-salud-y-la-seguridad-en-el-trabajo-colaboracion-de-paredes-seguridad-y-5-al-dia\/#primaryimage\"},\"thumbnailUrl\":\"https:\/\/i0.wp.com\/paredesseguridad.com\/blog\/wp-content\/uploads\/2024\/07\/PAREDES-SEGURIDAD-Y-5.AL-DIA-COLABORACION.png?fit=1500%2C1000&ssl=1\",\"datePublished\":\"2024-07-01T12:00:44+00:00\",\"dateModified\":\"2024-07-10T10:00:58+00:00\",\"author\":{\"@id\":\"https:\/\/paredesseguridad.com\/blog\/#\/schema\/person\/79ea1d860750f45d2c24c5a9df19ac4f\"},\"description\":\"Te contamos la colaboraci\u00f3n de Paredes Seguridad y 5 al D\u00eda para mejora la salud y seguridad laboral en el sector trabajo a todos los niveles\",\"breadcrumb\":{\"@id\":\"https:\/\/paredesseguridad.com\/blog\/fomentando-la-salud-y-la-seguridad-en-el-trabajo-colaboracion-de-paredes-seguridad-y-5-al-dia\/#breadcrumb\"},\"inLanguage\":\"es\",\"potentialAction\":[{\"@type\":\"ReadAction\",\"target\":[\"https:\/\/paredesseguridad.com\/blog\/fomentando-la-salud-y-la-seguridad-en-el-trabajo-colaboracion-de-paredes-seguridad-y-5-al-dia\/\"]}]},{\"@type\":\"ImageObject\",\"inLanguage\":\"es\",\"@id\":\"https:\/\/paredesseguridad.com\/blog\/fomentando-la-salud-y-la-seguridad-en-el-trabajo-colaboracion-de-paredes-seguridad-y-5-al-dia\/#primaryimage\",\"url\":\"https:\/\/i0.wp.com\/paredesseguridad.com\/blog\/wp-content\/uploads\/2024\/07\/PAREDES-SEGURIDAD-Y-5.AL-DIA-COLABORACION.png?fit=1500%2C1000&ssl=1\",\"contentUrl\":\"https:\/\/i0.wp.com\/paredesseguridad.com\/blog\/wp-content\/uploads\/2024\/07\/PAREDES-SEGURIDAD-Y-5.AL-DIA-COLABORACION.png?fit=1500%2C1000&ssl=1\",\"width\":1500,\"height\":1000,\"caption\":\"Acuerdo de colaboraci\u00f3n 5 al D\u00eda y Paredes Seguridad\"},{\"@type\":\"BreadcrumbList\",\"@id\":\"https:\/\/paredesseguridad.com\/blog\/fomentando-la-salud-y-la-seguridad-en-el-trabajo-colaboracion-de-paredes-seguridad-y-5-al-dia\/#breadcrumb\",\"itemListElement\":[{\"@type\":\"ListItem\",\"position\":1,\"name\":\"Portada\",\"item\":\"https:\/\/paredesseguridad.com\/blog\/\"},{\"@type\":\"ListItem\",\"position\":2,\"name\":\"Fomentando la salud y la seguridad en el trabajo: colaboraci\u00f3n de Paredes Seguridad y \u00ab5 al D\u00eda\u00bb\"}]},{\"@type\":\"WebSite\",\"@id\":\"https:\/\/paredesseguridad.com\/blog\/#website\",\"url\":\"https:\/\/paredesseguridad.com\/blog\/\",\"name\":\"Blog de Paredes Seguridad\",\"description\":\"Calzados Paredes es una de las grandes firmas espa\u00f1olas de calzado desde hace m\u00e1s de 55 a\u00f1os.\",\"potentialAction\":[{\"@type\":\"SearchAction\",\"target\":{\"@type\":\"EntryPoint\",\"urlTemplate\":\"https:\/\/paredesseguridad.com\/blog\/?s={search_term_string}\"},\"query-input\":{\"@type\":\"PropertyValueSpecification\",\"valueRequired\":true,\"valueName\":\"search_term_string\"}}],\"inLanguage\":\"es\"},{\"@type\":\"Person\",\"@id\":\"https:\/\/paredesseguridad.com\/blog\/#\/schema\/person\/79ea1d860750f45d2c24c5a9df19ac4f\",\"name\":\"Paredes Seguridad Blog\",\"image\":{\"@type\":\"ImageObject\",\"inLanguage\":\"es\",\"@id\":\"https:\/\/paredesseguridad.com\/blog\/#\/schema\/person\/image\/\",\"url\":\"https:\/\/secure.gravatar.com\/avatar\/f9af108c778d1b950675deeba855c317?s=96&d=mm&r=g\",\"contentUrl\":\"https:\/\/secure.gravatar.com\/avatar\/f9af108c778d1b950675deeba855c317?s=96&d=mm&r=g\",\"caption\":\"Paredes Seguridad Blog\"},\"url\":\"https:\/\/paredesseguridad.com\/blog\/author\/paredes-seguridad-blog\/\"}]}<\/script>\n<!-- \/ Yoast SEO plugin. -->","yoast_head_json":{"title":"Salud y la seguridad en el trabajo: Paredes Seguridad y \"5 al D\u00eda\" unen fuerzas | Blog | Paredes SEGUR","description":"Te contamos la colaboraci\u00f3n de Paredes Seguridad y 5 al D\u00eda para mejora la salud y seguridad laboral en el sector trabajo a todos los niveles","robots":{"index":"index","follow":"follow","max-snippet":"max-snippet:-1","max-image-preview":"max-image-preview:large","max-video-preview":"max-video-preview:-1"},"canonical":"https:\/\/paredesseguridad.com\/blog\/fomentando-la-salud-y-la-seguridad-en-el-trabajo-colaboracion-de-paredes-seguridad-y-5-al-dia\/","og_locale":"es_ES","og_type":"article","og_title":"Salud y la seguridad en el trabajo: Paredes Seguridad y \"5 al D\u00eda\" unen fuerzas | Blog | Paredes SEGUR","og_description":"Te contamos la colaboraci\u00f3n de Paredes Seguridad y 5 al D\u00eda para mejora la salud y seguridad laboral en el sector trabajo a todos los niveles","og_url":"https:\/\/paredesseguridad.com\/blog\/fomentando-la-salud-y-la-seguridad-en-el-trabajo-colaboracion-de-paredes-seguridad-y-5-al-dia\/","og_site_name":"Blog de Paredes Seguridad","article_published_time":"2024-07-01T12:00:44+00:00","article_modified_time":"2024-07-10T10:00:58+00:00","og_image":[{"width":1500,"height":1000,"url":"http:\/\/paredesseguridad.com\/blog\/wp-content\/uploads\/2024\/07\/PAREDES-SEGURIDAD-Y-5.AL-DIA-COLABORACION.png","type":"image\/png"}],"author":"Paredes Seguridad Blog","twitter_card":"summary_large_image","twitter_misc":{"Escrito por":"Paredes Seguridad Blog","Tiempo de lectura":"5 minutos"},"schema":{"@context":"https:\/\/schema.org","@graph":[{"@type":"WebPage","@id":"https:\/\/paredesseguridad.com\/blog\/fomentando-la-salud-y-la-seguridad-en-el-trabajo-colaboracion-de-paredes-seguridad-y-5-al-dia\/","url":"https:\/\/paredesseguridad.com\/blog\/fomentando-la-salud-y-la-seguridad-en-el-trabajo-colaboracion-de-paredes-seguridad-y-5-al-dia\/","name":"Salud y la seguridad en el trabajo: Paredes Seguridad y \"5 al D\u00eda\" unen fuerzas | Blog | Paredes SEGUR","isPartOf":{"@id":"https:\/\/paredesseguridad.com\/blog\/#website"},"primaryImageOfPage":{"@id":"https:\/\/paredesseguridad.com\/blog\/fomentando-la-salud-y-la-seguridad-en-el-trabajo-colaboracion-de-paredes-seguridad-y-5-al-dia\/#primaryimage"},"image":{"@id":"https:\/\/paredesseguridad.com\/blog\/fomentando-la-salud-y-la-seguridad-en-el-trabajo-colaboracion-de-paredes-seguridad-y-5-al-dia\/#primaryimage"},"thumbnailUrl":"https:\/\/i0.wp.com\/paredesseguridad.com\/blog\/wp-content\/uploads\/2024\/07\/PAREDES-SEGURIDAD-Y-5.AL-DIA-COLABORACION.png?fit=1500%2C1000&ssl=1","datePublished":"2024-07-01T12:00:44+00:00","dateModified":"2024-07-10T10:00:58+00:00","author":{"@id":"https:\/\/paredesseguridad.com\/blog\/#\/schema\/person\/79ea1d860750f45d2c24c5a9df19ac4f"},"description":"Te contamos la colaboraci\u00f3n de Paredes Seguridad y 5 al D\u00eda para mejora la salud y seguridad laboral en el sector trabajo a todos los niveles","breadcrumb":{"@id":"https:\/\/paredesseguridad.com\/blog\/fomentando-la-salud-y-la-seguridad-en-el-trabajo-colaboracion-de-paredes-seguridad-y-5-al-dia\/#breadcrumb"},"inLanguage":"es","potentialAction":[{"@type":"ReadAction","target":["https:\/\/paredesseguridad.com\/blog\/fomentando-la-salud-y-la-seguridad-en-el-trabajo-colaboracion-de-paredes-seguridad-y-5-al-dia\/"]}]},{"@type":"ImageObject","inLanguage":"es","@id":"https:\/\/paredesseguridad.com\/blog\/fomentando-la-salud-y-la-seguridad-en-el-trabajo-colaboracion-de-paredes-seguridad-y-5-al-dia\/#primaryimage","url":"https:\/\/i0.wp.com\/paredesseguridad.com\/blog\/wp-content\/uploads\/2024\/07\/PAREDES-SEGURIDAD-Y-5.AL-DIA-COLABORACION.png?fit=1500%2C1000&ssl=1","contentUrl":"https:\/\/i0.wp.com\/paredesseguridad.com\/blog\/wp-content\/uploads\/2024\/07\/PAREDES-SEGURIDAD-Y-5.AL-DIA-COLABORACION.png?fit=1500%2C1000&ssl=1","width":1500,"height":1000,"caption":"Acuerdo de colaboraci\u00f3n 5 al D\u00eda y Paredes Seguridad"},{"@type":"BreadcrumbList","@id":"https:\/\/paredesseguridad.com\/blog\/fomentando-la-salud-y-la-seguridad-en-el-trabajo-colaboracion-de-paredes-seguridad-y-5-al-dia\/#breadcrumb","itemListElement":[{"@type":"ListItem","position":1,"name":"Portada","item":"https:\/\/paredesseguridad.com\/blog\/"},{"@type":"ListItem","position":2,"name":"Fomentando la salud y la seguridad en el trabajo: colaboraci\u00f3n de Paredes Seguridad y \u00ab5 al D\u00eda\u00bb"}]},{"@type":"WebSite","@id":"https:\/\/paredesseguridad.com\/blog\/#website","url":"https:\/\/paredesseguridad.com\/blog\/","name":"Blog de Paredes Seguridad","description":"Calzados Paredes es una de las grandes firmas espa\u00f1olas de calzado desde hace m\u00e1s de 55 a\u00f1os.","potentialAction":[{"@type":"SearchAction","target":{"@type":"EntryPoint","urlTemplate":"https:\/\/paredesseguridad.com\/blog\/?s={search_term_string}"},"query-input":{"@type":"PropertyValueSpecification","valueRequired":true,"valueName":"search_term_string"}}],"inLanguage":"es"},{"@type":"Person","@id":"https:\/\/paredesseguridad.com\/blog\/#\/schema\/person\/79ea1d860750f45d2c24c5a9df19ac4f","name":"Paredes Seguridad Blog","image":{"@type":"ImageObject","inLanguage":"es","@id":"https:\/\/paredesseguridad.com\/blog\/#\/schema\/person\/image\/","url":"https:\/\/secure.gravatar.com\/avatar\/f9af108c778d1b950675deeba855c317?s=96&d=mm&r=g","contentUrl":"https:\/\/secure.gravatar.com\/avatar\/f9af108c778d1b950675deeba855c317?s=96&d=mm&r=g","caption":"Paredes Seguridad Blog"},"url":"https:\/\/paredesseguridad.com\/blog\/author\/paredes-seguridad-blog\/"}]}},"jetpack_sharing_enabled":true,"jetpack_featured_media_url":"https:\/\/i0.wp.com\/paredesseguridad.com\/blog\/wp-content\/uploads\/2024\/07\/PAREDES-SEGURIDAD-Y-5.AL-DIA-COLABORACION.png?fit=1500%2C1000&ssl=1","_links":{"self":[{"href":"https:\/\/paredesseguridad.com\/blog\/wp-json\/wp\/v2\/posts\/2733"}],"collection":[{"href":"https:\/\/paredesseguridad.com\/blog\/wp-json\/wp\/v2\/posts"}],"about":[{"href":"https:\/\/paredesseguridad.com\/blog\/wp-json\/wp\/v2\/types\/post"}],"author":[{"embeddable":true,"href":"https:\/\/paredesseguridad.com\/blog\/wp-json\/wp\/v2\/users\/2"}],"replies":[{"embeddable":true,"href":"https:\/\/paredesseguridad.com\/blog\/wp-json\/wp\/v2\/comments?post=2733"}],"version-history":[{"count":19,"href":"https:\/\/paredesseguridad.com\/blog\/wp-json\/wp\/v2\/posts\/2733\/revisions"}],"predecessor-version":[{"id":2872,"href":"https:\/\/paredesseguridad.com\/blog\/wp-json\/wp\/v2\/posts\/2733\/revisions\/2872"}],"wp:featuredmedia":[{"embeddable":true,"href":"https:\/\/paredesseguridad.com\/blog\/wp-json\/wp\/v2\/media\/2757"}],"wp:attachment":[{"href":"https:\/\/paredesseguridad.com\/blog\/wp-json\/wp\/v2\/media?parent=2733"}],"wp:term":[{"taxonomy":"category","embeddable":true,"href":"https:\/\/paredesseguridad.com\/blog\/wp-json\/wp\/v2\/categories?post=2733"},{"taxonomy":"post_tag","embeddable":true,"href":"https:\/\/paredesseguridad.com\/blog\/wp-json\/wp\/v2\/tags?post=2733"}],"curies":[{"name":"wp","href":"https:\/\/api.w.org\/{rel}","templated":true}]}}