{"id":2922,"date":"2025-12-02T12:29:47","date_gmt":"2025-12-02T11:29:47","guid":{"rendered":"https:\/\/paredesseguridad.com\/blog\/?p=2922"},"modified":"2025-12-02T12:30:18","modified_gmt":"2025-12-02T11:30:18","slug":"mascarillas-ffp2-e-iir-en-entornos-laborales-como-elegir-la-proteccion-adecuada","status":"publish","type":"post","link":"https:\/\/paredesseguridad.com\/blog\/mascarillas-ffp2-e-iir-en-entornos-laborales-como-elegir-la-proteccion-adecuada\/","title":{"rendered":"Mascarillas FFP2 e IIR en entornos laborales: c\u00f3mo elegir la protecci\u00f3n adecuada"},"content":{"rendered":"\t\t<div data-elementor-type=\"wp-post\" data-elementor-id=\"2922\" class=\"elementor elementor-2922\" data-elementor-post-type=\"post\">\n\t\t\t\t\t\t<section class=\"elementor-section elementor-top-section elementor-element elementor-element-37672db elementor-section-boxed elementor-section-height-default elementor-section-height-default\" data-id=\"37672db\" data-element_type=\"section\" data-e-type=\"section\">\n\t\t\t\t\t\t<div class=\"elementor-container elementor-column-gap-default\">\n\t\t\t\t\t<div class=\"elementor-column elementor-col-100 elementor-top-column elementor-element elementor-element-85a2aa8\" data-id=\"85a2aa8\" data-element_type=\"column\" data-e-type=\"column\">\n\t\t\t<div class=\"elementor-widget-wrap elementor-element-populated\">\n\t\t\t\t\t\t<div class=\"elementor-element elementor-element-c8a21ba elementor-widget elementor-widget-text-editor\" data-id=\"c8a21ba\" data-element_type=\"widget\" data-e-type=\"widget\" data-widget_type=\"text-editor.default\">\n\t\t\t\t<div class=\"elementor-widget-container\">\n\t\t\t\t\t\t\t\t\t<article class=\"ps-post ps-post--blog\"><header class=\"ps-post__header\"><h1>Mascarillas de protecci\u00f3n: tipos, certificaciones y criterios t\u00e9cnicos para entornos laborales en temporada de virus respiratorios<\/h1><\/header><section class=\"ps-post__intro\"><p><strong>Las mascarillas FFP2 e IIR<\/strong> son esenciales en entornos laborales durante los periodos de alta circulaci\u00f3n v\u00edrica.<\/p><p>En esta gu\u00eda analizamos el uso de <strong>mascarillas FFP2 e IIR<\/strong> en entornos laborales, sus certificaciones y los criterios t\u00e9cnicos para elegir la protecci\u00f3n respiratoria adecuada. Adem\u00e1s, durante periodos de alta circulaci\u00f3n de gripe, COVID-19 u otros virus respiratorios, el uso de mascarillas vuelve a ser una herramienta fundamental. As\u00ed, actividades como la asistencia sanitaria, la industria ligera, la log\u00edstica, la construcci\u00f3n o la atenci\u00f3n al p\u00fablico requieren garantizar la continuidad operativa y reducir las bajas laborales.<\/p><p>Este documento ofrece una visi\u00f3n t\u00e9cnica y actualizada sobre los tipos de <strong>mascarillas FFP2 e IIR<\/strong>, su normativa y los criterios de selecci\u00f3n recomendados para asegurar un rendimiento \u00f3ptimo en el puesto de trabajo.<\/p><\/section><section id=\"tipos-y-normativas\"><h2>1. Tipos de mascarillas FFP2 e IIR y normativas aplicables<\/h2><p>En el cat\u00e1logo de Paredes Seguridad se incluyen dos categor\u00edas principales:<\/p><ul><li>Mascarillas FFP2, clasificadas como Equipos de Protecci\u00f3n Individual (EPI) de Categor\u00eda III, destinadas a proteger al usuario.<\/li><li>Mascarillas quir\u00fargicas tipo IIR, consideradas Producto Sanitario (PS), cuya funci\u00f3n es proteger al entorno del usuario.<\/li><\/ul><p>Cada una cumple funciones espec\u00edficas seg\u00fan la normativa europea vigente.<\/p><\/section><section id=\"ffp2-epi\"><h3>1.1. Mascarillas FFP2 \u2013 EPI de Categor\u00eda III (protecci\u00f3n del trabajador)<\/h3><p>Las mascarillas FFP2 est\u00e1n reguladas por la norma EN 149:2001+A1:2009, que establece los requisitos de filtraci\u00f3n, fuga interna m\u00e1xima, resistencia respiratoria y compatibilidad con la piel para equipos destinados a proteger frente a aerosoles s\u00f3lidos y l\u00edquidos.<\/p><h4>Principio de protecci\u00f3n<\/h4><ul><li><a href=\"https:\/\/www.paredesseguridad.com\/producto\/175\/mc0012_caja-de-40-mascarillas-ffp2-sin-valvula\/\" target=\"_blank\" rel=\"noopener\">FFP2 sin v\u00e1lvula<\/a>: Los modelos sin v\u00e1lvula filtran tanto el aire inhalado como el aire exhalado.<\/li><li><a href=\"https:\/\/www.paredesseguridad.com\/producto\/181\/mc0021_1-mascarilla-ffp2-con-valvula\/\" target=\"_blank\" rel=\"noopener\">FFP2 con v\u00e1lvula<\/a>: Por el contrario, las versiones con v\u00e1lvula solo filtran la inhalaci\u00f3n. Como resultado, no deben utilizarse cuando se busca protecci\u00f3n bidireccional.<\/li><\/ul><h4>Modelos disponibles<\/h4><h5>FFP2 NR BRP2 (desplegable horizontal)<\/h5><ul><li>Adaptaci\u00f3n facial 360\u00b0 para reducir fugas.<\/li><li>Tejido filtrante electrost\u00e1tico de alta eficiencia.<\/li><li>Clip nasal reforzado y el\u00e1sticos de ajuste r\u00e1pido.<\/li><\/ul><h5>FFP2 NR BRPV2 (con v\u00e1lvula)<\/h5><ul><li>V\u00e1lvula para disminuir la resistencia respiratoria en tareas prolongadas o de alta demanda f\u00edsica.<\/li><li>Celulosa filtrante multicapa.<\/li><li>Dise\u00f1o ergon\u00f3mico lateral.<\/li><\/ul><h5>FFP2 NR (plegable cl\u00e1sica)<\/h5><ul><li>Construcci\u00f3n ligera con tejido no tejido de alto rendimiento.<\/li><li>Ajuste anat\u00f3mico en puente nasal.<\/li><\/ul><h4>Certificaciones<\/h4><ul><li>Marcado CE obligatorio.<\/li><li>Ensayos realizados por organismo notificado n.\u00ba 0370 (APPLUS\/LGAI).<\/li><li>Clasificaci\u00f3n EPI Categor\u00eda III, destinada a riesgos graves o mortales.<\/li><\/ul><h4>Cu\u00e1ndo usar FFP2<\/h4><ul><li>\u00c1reas con ventilaci\u00f3n insuficiente.<\/li><li>Situaciones de contacto continuo y estrecho entre trabajadores.<\/li><li>Ambientes con part\u00edculas s\u00f3lidas combinadas con agentes biol\u00f3gicos.<\/li><li>Espacios con carga v\u00edrica elevada.<\/li><\/ul><\/section><section id=\"quirurgicas-iir\"><h3>1.2. Mascarilla quir\u00fargica tipo IIR \u2013 Producto Sanitario (protecci\u00f3n del entorno)<\/h3><p>Las mascarillas quir\u00fargicas tipo IIR est\u00e1n reguladas por UNE EN 14683:2019 + AC:2019, norma que dicta los requisitos de eficacia de filtraci\u00f3n bacteriana, respirabilidad, resistencia a salpicaduras y biocompatibilidad.<\/p><h4>Principio de protecci\u00f3n<\/h4><p>Est\u00e1n dise\u00f1adas para evitar que el usuario emita microorganismos al exterior. No protegen frente a aerosoles ni sustituyen a un EPI.<\/p><h4>Caracter\u00edsticas del modelo IIR de cat\u00e1logo<\/h4><ul><li>La mascarilla cuenta con una estructura tricapa de polipropileno hidr\u00f3fobo.<\/li><li>Asimismo, ofrece una eficacia de filtraci\u00f3n bacteriana (BFE) \u2265 98 %.<\/li><li>Adem\u00e1s, presenta resistencia a salpicaduras de fluidos corporales, lo que mejora su seguridad en entornos sanitarios.<\/li><li>Tambi\u00e9n destaca por su excelente respirabilidad y comodidad incluso en usos prolongados.<\/li><li>Por \u00faltimo, est\u00e1 disponible en formatos de 40 unidades por caja.<\/li><\/ul><h4>D\u00f3nde se recomiendan<\/h4><ul><li>Atenci\u00f3n al p\u00fablico.<\/li><li>Centros sanitarios y asistenciales.<\/li><li>Laboratorios sin exposici\u00f3n a aerosoles qu\u00edmicos.<\/li><li>Situaciones donde se requiere proteger al entorno del usuario.<\/li><\/ul><\/section><section id=\"por-que-necesarias\"><\/section><\/article>\t\t\t\t\t\t\t\t<\/div>\n\t\t\t\t<\/div>\n\t\t\t\t<div class=\"elementor-element elementor-element-28b9a4b elementor-widget elementor-widget-image\" data-id=\"28b9a4b\" data-element_type=\"widget\" data-e-type=\"widget\" data-widget_type=\"image.default\">\n\t\t\t\t<div class=\"elementor-widget-container\">\n\t\t\t\t\t\t\t\t\t\t\t\t\t\t\t<img fetchpriority=\"high\" decoding=\"async\" data-attachment-id=\"2929\" data-permalink=\"https:\/\/paredesseguridad.com\/blog\/mascarillas-ffp2-e-iir-en-entornos-laborales-como-elegir-la-proteccion-adecuada\/people-in-a-masks-stands-on-the-street-2\/\" data-orig-file=\"https:\/\/i0.wp.com\/paredesseguridad.com\/blog\/wp-content\/uploads\/2025\/12\/People-in-a-Masks-Stands-on-the-Street-scaled.jpg?fit=2560%2C1707&amp;ssl=1\" data-orig-size=\"2560,1707\" data-comments-opened=\"1\" data-image-meta=\"{&quot;aperture&quot;:&quot;2&quot;,&quot;credit&quot;:&quot;&quot;,&quot;camera&quot;:&quot;ILCE-7M3&quot;,&quot;caption&quot;:&quot;People in the city. Persons in a masks. Coronavirus theme. Friends walks during quarantine.&quot;,&quot;created_timestamp&quot;:&quot;1584031790&quot;,&quot;copyright&quot;:&quot;&quot;,&quot;focal_length&quot;:&quot;85&quot;,&quot;iso&quot;:&quot;100&quot;,&quot;shutter_speed&quot;:&quot;0.0025&quot;,&quot;title&quot;:&quot;People in a masks stands on the street&quot;,&quot;orientation&quot;:&quot;1&quot;}\" data-image-title=\"Personas usando mascarillas FFP2 e IIR\" data-image-description=\"&lt;p&gt;Imagen de varias personas caminando por la ciudad mientras utilizan mascarillas FFP2 e IIR, representando medidas de protecci\u00f3n respiratoria en espacios p\u00fablicos.&lt;\/p&gt;\n\" data-image-caption=\"&lt;p&gt;Grupo de personas en la ciudad utilizando mascarillas FFP2 e IIR.&lt;\/p&gt;\n\" data-medium-file=\"https:\/\/i0.wp.com\/paredesseguridad.com\/blog\/wp-content\/uploads\/2025\/12\/People-in-a-Masks-Stands-on-the-Street-scaled.jpg?fit=300%2C200&amp;ssl=1\" data-large-file=\"https:\/\/i0.wp.com\/paredesseguridad.com\/blog\/wp-content\/uploads\/2025\/12\/People-in-a-Masks-Stands-on-the-Street-scaled.jpg?fit=860%2C574&amp;ssl=1\" tabindex=\"0\" role=\"button\" width=\"860\" height=\"574\" src=\"https:\/\/i0.wp.com\/paredesseguridad.com\/blog\/wp-content\/uploads\/2025\/12\/People-in-a-Masks-Stands-on-the-Street-scaled.jpg?fit=860%2C574&amp;ssl=1\" class=\"attachment-large size-large wp-image-2929\" alt=\"Personas usando mascarillas FFP2 e IIR en la calle\" srcset=\"https:\/\/i0.wp.com\/paredesseguridad.com\/blog\/wp-content\/uploads\/2025\/12\/People-in-a-Masks-Stands-on-the-Street-scaled.jpg?w=2560&amp;ssl=1 2560w, https:\/\/i0.wp.com\/paredesseguridad.com\/blog\/wp-content\/uploads\/2025\/12\/People-in-a-Masks-Stands-on-the-Street-scaled.jpg?resize=300%2C200&amp;ssl=1 300w, https:\/\/i0.wp.com\/paredesseguridad.com\/blog\/wp-content\/uploads\/2025\/12\/People-in-a-Masks-Stands-on-the-Street-scaled.jpg?resize=1024%2C683&amp;ssl=1 1024w, https:\/\/i0.wp.com\/paredesseguridad.com\/blog\/wp-content\/uploads\/2025\/12\/People-in-a-Masks-Stands-on-the-Street-scaled.jpg?resize=768%2C512&amp;ssl=1 768w, https:\/\/i0.wp.com\/paredesseguridad.com\/blog\/wp-content\/uploads\/2025\/12\/People-in-a-Masks-Stands-on-the-Street-scaled.jpg?resize=1536%2C1024&amp;ssl=1 1536w, https:\/\/i0.wp.com\/paredesseguridad.com\/blog\/wp-content\/uploads\/2025\/12\/People-in-a-Masks-Stands-on-the-Street-scaled.jpg?resize=2048%2C1365&amp;ssl=1 2048w, https:\/\/i0.wp.com\/paredesseguridad.com\/blog\/wp-content\/uploads\/2025\/12\/People-in-a-Masks-Stands-on-the-Street-scaled.jpg?w=1720 1720w\" sizes=\"(max-width: 860px) 100vw, 860px\" data-attachment-id=\"2929\" data-permalink=\"https:\/\/paredesseguridad.com\/blog\/mascarillas-ffp2-e-iir-en-entornos-laborales-como-elegir-la-proteccion-adecuada\/people-in-a-masks-stands-on-the-street-2\/\" data-orig-file=\"https:\/\/i0.wp.com\/paredesseguridad.com\/blog\/wp-content\/uploads\/2025\/12\/People-in-a-Masks-Stands-on-the-Street-scaled.jpg?fit=2560%2C1707&amp;ssl=1\" data-orig-size=\"2560,1707\" data-comments-opened=\"1\" data-image-meta=\"{&quot;aperture&quot;:&quot;2&quot;,&quot;credit&quot;:&quot;&quot;,&quot;camera&quot;:&quot;ILCE-7M3&quot;,&quot;caption&quot;:&quot;People in the city. Persons in a masks. Coronavirus theme. Friends walks during quarantine.&quot;,&quot;created_timestamp&quot;:&quot;1584031790&quot;,&quot;copyright&quot;:&quot;&quot;,&quot;focal_length&quot;:&quot;85&quot;,&quot;iso&quot;:&quot;100&quot;,&quot;shutter_speed&quot;:&quot;0.0025&quot;,&quot;title&quot;:&quot;People in a masks stands on the street&quot;,&quot;orientation&quot;:&quot;1&quot;}\" data-image-title=\"Personas usando mascarillas FFP2 e IIR\" data-image-description=\"&lt;p&gt;Imagen de varias personas caminando por la ciudad mientras utilizan mascarillas FFP2 e IIR, representando medidas de protecci\u00f3n respiratoria en espacios p\u00fablicos.&lt;\/p&gt;\n\" data-image-caption=\"&lt;p&gt;Grupo de personas en la ciudad utilizando mascarillas FFP2 e IIR.&lt;\/p&gt;\n\" data-medium-file=\"https:\/\/i0.wp.com\/paredesseguridad.com\/blog\/wp-content\/uploads\/2025\/12\/People-in-a-Masks-Stands-on-the-Street-scaled.jpg?fit=300%2C200&amp;ssl=1\" data-large-file=\"https:\/\/i0.wp.com\/paredesseguridad.com\/blog\/wp-content\/uploads\/2025\/12\/People-in-a-Masks-Stands-on-the-Street-scaled.jpg?fit=860%2C574&amp;ssl=1\" role=\"button\" \/>\t\t\t\t\t\t\t\t\t\t\t\t\t\t\t<\/div>\n\t\t\t\t<\/div>\n\t\t\t\t<div class=\"elementor-element elementor-element-9f84e28 elementor-widget elementor-widget-text-editor\" data-id=\"9f84e28\" data-element_type=\"widget\" data-e-type=\"widget\" data-widget_type=\"text-editor.default\">\n\t\t\t\t<div class=\"elementor-widget-container\">\n\t\t\t\t\t\t\t\t\t<h2>2. Por qu\u00e9 vuelven a ser necesarias en temporada de virus respiratorios<\/h2><p>Durante los picos estacionales de gripe u otros virus respiratorios:<\/p><ul><li>Se incrementa el absentismo laboral.<\/li><li><span data-start=\"217\" data-end=\"315\">Adem\u00e1s, la transmisi\u00f3n se acelera en entornos cerrados, lo que aumenta el riesgo de contagios.<\/span><\/li><li><span data-start=\"318\" data-end=\"391\">Como consecuencia, la continuidad operativa puede verse comprometida.<\/span><\/li><li>Por otro lado, las empresas mantienen responsabilidades espec\u00edficas en materia de Prevenci\u00f3n de Riesgos Laborales (PRL).<\/li><\/ul><p>Por lo tanto, el uso de mascarillas adecuadas reduce de manera significativa la propagaci\u00f3n de pat\u00f3genos en espacios donde no siempre es posible garantizar ventilaci\u00f3n suficiente o distancia interpersonal.<\/p><section><h2>3. Criterios t\u00e9cnicos para seleccionar mascarillas en el entorno laboral<\/h2><p>Una elecci\u00f3n correcta debe basarse en criterios verificables:<\/p><h3>3.1. Marcado y certificaci\u00f3n<\/h3><ul><li>Marcado CE claramente visible.<\/li><li>Norma correspondiente:<ul><li>EN 149 \u2192 FFP2 (EPI).<\/li><li>EN 14683 \u2192 Quir\u00fargicas IIR (PS).<\/li><\/ul><\/li><li>N\u00famero del organismo notificado en EPIs.<\/li><\/ul><h3>3.2. Ajuste y ergonom\u00eda<\/h3><ul><li>Clip nasal firme y estable.<\/li><li>Laterales sin fugas.<\/li><li>Compatibilidad con gafas, cascos, protectores auditivos u otros EPIs.<\/li><\/ul><h3>3.3. Filtraci\u00f3n y respirabilidad<\/h3><ul><li>En FFP2: equilibrio entre protecci\u00f3n y esfuerzo respiratorio.<\/li><li>En IIR: alta filtraci\u00f3n bacteriana con baja resistencia al flujo de aire.<\/li><\/ul><h3>3.4. Confort en uso prolongado<\/h3><ul><li>Materiales no irritantes.<\/li><li>El\u00e1sticos resistentes.<\/li><li>Dise\u00f1o apto para jornadas largas.<\/li><\/ul><\/section><section><h2>4. Recomendaciones seg\u00fan la actividad profesional<\/h2><dl><dt>En la industria ligera y log\u00edstica:<\/dt><dd>\u2192 FFP2 sin v\u00e1lvula.<\/dd><dt>Centros sanitarios y atenci\u00f3n al p\u00fablico:<\/dt><dd>\u2192 IIR o combinaci\u00f3n IIR + FFP2 seg\u00fan protocolo interno.<\/dd><dt>Por otro lado, almacenes, c\u00e1maras frigor\u00edficas o espacios con ventilaci\u00f3n limitada:<\/dt><dd>\u2192 FFP2.<\/dd><dt>Finalmente, las oficinas y zonas administrativas en picos v\u00edricos:<\/dt><dd>\u2192 FFP2 o mascarilla quir\u00fargica IIR seg\u00fan densidad de ocupaci\u00f3n y ventilaci\u00f3n.<\/dd><\/dl><\/section><section><p>En <a href=\"https:\/\/www.paredesseguridad.com\/\" target=\"_blank\" rel=\"noopener\">Paredes Seguridad<\/a> seleccionamos mascarillas certificadas que cumplen las normativas europeas y garantizan:<\/p><ul><li>Sistemas filtrantes de alta eficiencia.<\/li><li>Protecci\u00f3n adecuada seg\u00fan actividad.<\/li><li>Comodidad durante turnos prolongados.<\/li><li>Adaptaci\u00f3n a m\u00faltiples sectores y niveles de riesgo.<\/li><\/ul><p>La prevenci\u00f3n sigue siendo un pilar esencial en cualquier empresa comprometida con la salud laboral. Elegir mascarillas certificadas y adecuadas a cada situaci\u00f3n de riesgo impacta directamente en la seguridad de los trabajadores y en la estabilidad operativa de la organizaci\u00f3n<\/p><\/section>\t\t\t\t\t\t\t\t<\/div>\n\t\t\t\t<\/div>\n\t\t\t\t\t<\/div>\n\t\t<\/div>\n\t\t\t\t\t<\/div>\n\t\t<\/section>\n\t\t\t\t<\/div>\n\t\t","protected":false},"excerpt":{"rendered":"<p>Mascarillas de protecci\u00f3n: tipos, certificaciones y criterios t\u00e9cnicos para entornos laborales en temporada de virus respiratorios Las mascarillas FFP2 e IIR son esenciales en entornos laborales durante los periodos de alta circulaci\u00f3n v\u00edrica. En esta gu\u00eda analizamos el uso de mascarillas FFP2 e IIR en entornos laborales, sus certificaciones y los criterios t\u00e9cnicos para elegir [&hellip;]<\/p>\n","protected":false},"author":2,"featured_media":2927,"comment_status":"open","ping_status":"open","sticky":false,"template":"","format":"standard","meta":{"_jetpack_memberships_contains_paid_content":false,"footnotes":""},"categories":[1],"tags":[231,228,226,123,161,225,230,221,232,227,138,229],"class_list":["post-2922","post","type-post","status-publish","format-standard","has-post-thumbnail","hentry","category-blog","tag-certificacion-en-14683","tag-certificacion-en-149","tag-epi-categoria-iii","tag-equipos-de-proteccion-individual","tag-mascarillas-ffp2","tag-mascarillas-iir","tag-mascarillas-laborales","tag-prevencion-de-riesgos-laborales","tag-proteccion-frente-a-aerosoles","tag-proteccion-respiratoria","tag-seguridad-en-el-trabajo","tag-virus-respiratorios"],"better_featured_image":{"id":2927,"alt_text":"Mascarillas FFP2 e IIR en entornos laborales","caption":"Trabajadora usando mascarilla FFP2 certificada de Paredes Seguridad.","description":"Imagen de una trabajadora utilizando una mascarilla FFP2 certificada, adecuada para entornos laborales con riesgo de exposici\u00f3n a virus respiratorios.","media_type":"image","media_details":{"width":1500,"height":1000,"file":"2025\/12\/masarillas-ffp2-paredes-seguridad-7.png","filesize":2001950,"sizes":{"medium":{"file":"masarillas-ffp2-paredes-seguridad-7-300x200.png","width":300,"height":200,"mime-type":"image\/png","filesize":88567,"source_url":"https:\/\/i0.wp.com\/paredesseguridad.com\/blog\/wp-content\/uploads\/2025\/12\/masarillas-ffp2-paredes-seguridad-7.png?fit=300%2C200&ssl=1"},"large":{"file":"masarillas-ffp2-paredes-seguridad-7-1024x683.png","width":1024,"height":683,"mime-type":"image\/png","filesize":861088,"source_url":"https:\/\/i0.wp.com\/paredesseguridad.com\/blog\/wp-content\/uploads\/2025\/12\/masarillas-ffp2-paredes-seguridad-7.png?fit=860%2C574&ssl=1"},"thumbnail":{"file":"masarillas-ffp2-paredes-seguridad-7-150x150.png","width":150,"height":150,"mime-type":"image\/png","filesize":37739,"source_url":"https:\/\/i0.wp.com\/paredesseguridad.com\/blog\/wp-content\/uploads\/2025\/12\/masarillas-ffp2-paredes-seguridad-7.png?resize=150%2C150&ssl=1"},"medium_large":{"file":"masarillas-ffp2-paredes-seguridad-7-768x512.png","width":768,"height":512,"mime-type":"image\/png","filesize":495123,"source_url":"https:\/\/i0.wp.com\/paredesseguridad.com\/blog\/wp-content\/uploads\/2025\/12\/masarillas-ffp2-paredes-seguridad-7.png?fit=768%2C512&ssl=1"}},"image_meta":{"aperture":"0","credit":"","camera":"","caption":"","created_timestamp":"0","copyright":"","focal_length":"0","iso":"0","shutter_speed":"0","title":"","orientation":"0","keywords":[]}},"post":2922,"source_url":"https:\/\/paredesseguridad.com\/blog\/wp-content\/uploads\/2025\/12\/masarillas-ffp2-paredes-seguridad-7.png"},"yoast_head":"<!-- This site is optimized with the Yoast SEO plugin v23.4 - https:\/\/yoast.com\/wordpress\/plugins\/seo\/ -->\n<title>Mascarillas FFP2 e IIR: c\u00f3mo elegir la protecci\u00f3n adecuada<\/title>\n<meta name=\"description\" content=\"Mascarillas FFP2 e IIR: tipos, certificaciones y criterios para elegir la mejor protecci\u00f3n respiratoria en entornos laborales.\" \/>\n<meta name=\"robots\" content=\"index, follow, max-snippet:-1, max-image-preview:large, max-video-preview:-1\" \/>\n<link rel=\"canonical\" href=\"https:\/\/paredesseguridad.com\/blog\/mascarillas-ffp2-e-iir-en-entornos-laborales-como-elegir-la-proteccion-adecuada\/\" \/>\n<meta property=\"og:locale\" content=\"es_ES\" \/>\n<meta property=\"og:type\" content=\"article\" \/>\n<meta property=\"og:title\" content=\"Mascarillas FFP2 e IIR: c\u00f3mo elegir la protecci\u00f3n adecuada\" \/>\n<meta property=\"og:description\" content=\"Mascarillas FFP2 e IIR: tipos, certificaciones y criterios para elegir la mejor protecci\u00f3n respiratoria en entornos laborales.\" \/>\n<meta property=\"og:url\" content=\"https:\/\/paredesseguridad.com\/blog\/mascarillas-ffp2-e-iir-en-entornos-laborales-como-elegir-la-proteccion-adecuada\/\" \/>\n<meta property=\"og:site_name\" content=\"Blog de Paredes Seguridad\" \/>\n<meta property=\"article:published_time\" content=\"2025-12-02T11:29:47+00:00\" \/>\n<meta property=\"article:modified_time\" content=\"2025-12-02T11:30:18+00:00\" \/>\n<meta property=\"og:image\" content=\"http:\/\/paredesseguridad.com\/blog\/wp-content\/uploads\/2025\/12\/masarillas-ffp2-paredes-seguridad-7.png\" \/>\n\t<meta property=\"og:image:width\" content=\"1500\" \/>\n\t<meta property=\"og:image:height\" content=\"1000\" \/>\n\t<meta property=\"og:image:type\" content=\"image\/png\" \/>\n<meta name=\"author\" content=\"Paredes Seguridad Blog\" \/>\n<meta name=\"twitter:card\" content=\"summary_large_image\" \/>\n<meta name=\"twitter:label1\" content=\"Escrito por\" \/>\n\t<meta name=\"twitter:data1\" content=\"Paredes Seguridad Blog\" \/>\n\t<meta name=\"twitter:label2\" content=\"Tiempo de lectura\" \/>\n\t<meta name=\"twitter:data2\" content=\"5 minutos\" \/>\n<script type=\"application\/ld+json\" class=\"yoast-schema-graph\">{\"@context\":\"https:\/\/schema.org\",\"@graph\":[{\"@type\":\"WebPage\",\"@id\":\"https:\/\/paredesseguridad.com\/blog\/mascarillas-ffp2-e-iir-en-entornos-laborales-como-elegir-la-proteccion-adecuada\/\",\"url\":\"https:\/\/paredesseguridad.com\/blog\/mascarillas-ffp2-e-iir-en-entornos-laborales-como-elegir-la-proteccion-adecuada\/\",\"name\":\"Mascarillas FFP2 e IIR: c\u00f3mo elegir la protecci\u00f3n adecuada\",\"isPartOf\":{\"@id\":\"https:\/\/paredesseguridad.com\/blog\/#website\"},\"primaryImageOfPage\":{\"@id\":\"https:\/\/paredesseguridad.com\/blog\/mascarillas-ffp2-e-iir-en-entornos-laborales-como-elegir-la-proteccion-adecuada\/#primaryimage\"},\"image\":{\"@id\":\"https:\/\/paredesseguridad.com\/blog\/mascarillas-ffp2-e-iir-en-entornos-laborales-como-elegir-la-proteccion-adecuada\/#primaryimage\"},\"thumbnailUrl\":\"https:\/\/i0.wp.com\/paredesseguridad.com\/blog\/wp-content\/uploads\/2025\/12\/masarillas-ffp2-paredes-seguridad-7.png?fit=1500%2C1000&ssl=1\",\"datePublished\":\"2025-12-02T11:29:47+00:00\",\"dateModified\":\"2025-12-02T11:30:18+00:00\",\"author\":{\"@id\":\"https:\/\/paredesseguridad.com\/blog\/#\/schema\/person\/79ea1d860750f45d2c24c5a9df19ac4f\"},\"description\":\"Mascarillas FFP2 e IIR: tipos, certificaciones y criterios para elegir la mejor protecci\u00f3n respiratoria en entornos laborales.\",\"breadcrumb\":{\"@id\":\"https:\/\/paredesseguridad.com\/blog\/mascarillas-ffp2-e-iir-en-entornos-laborales-como-elegir-la-proteccion-adecuada\/#breadcrumb\"},\"inLanguage\":\"es\",\"potentialAction\":[{\"@type\":\"ReadAction\",\"target\":[\"https:\/\/paredesseguridad.com\/blog\/mascarillas-ffp2-e-iir-en-entornos-laborales-como-elegir-la-proteccion-adecuada\/\"]}]},{\"@type\":\"ImageObject\",\"inLanguage\":\"es\",\"@id\":\"https:\/\/paredesseguridad.com\/blog\/mascarillas-ffp2-e-iir-en-entornos-laborales-como-elegir-la-proteccion-adecuada\/#primaryimage\",\"url\":\"https:\/\/i0.wp.com\/paredesseguridad.com\/blog\/wp-content\/uploads\/2025\/12\/masarillas-ffp2-paredes-seguridad-7.png?fit=1500%2C1000&ssl=1\",\"contentUrl\":\"https:\/\/i0.wp.com\/paredesseguridad.com\/blog\/wp-content\/uploads\/2025\/12\/masarillas-ffp2-paredes-seguridad-7.png?fit=1500%2C1000&ssl=1\",\"width\":1500,\"height\":1000,\"caption\":\"Trabajadora usando mascarilla FFP2 certificada de Paredes Seguridad.\"},{\"@type\":\"BreadcrumbList\",\"@id\":\"https:\/\/paredesseguridad.com\/blog\/mascarillas-ffp2-e-iir-en-entornos-laborales-como-elegir-la-proteccion-adecuada\/#breadcrumb\",\"itemListElement\":[{\"@type\":\"ListItem\",\"position\":1,\"name\":\"Portada\",\"item\":\"https:\/\/paredesseguridad.com\/blog\/\"},{\"@type\":\"ListItem\",\"position\":2,\"name\":\"Mascarillas FFP2 e IIR en entornos laborales: c\u00f3mo elegir la protecci\u00f3n adecuada\"}]},{\"@type\":\"WebSite\",\"@id\":\"https:\/\/paredesseguridad.com\/blog\/#website\",\"url\":\"https:\/\/paredesseguridad.com\/blog\/\",\"name\":\"Blog de Paredes Seguridad\",\"description\":\"Calzados Paredes es una de las grandes firmas espa\u00f1olas de calzado desde hace m\u00e1s de 55 a\u00f1os.\",\"potentialAction\":[{\"@type\":\"SearchAction\",\"target\":{\"@type\":\"EntryPoint\",\"urlTemplate\":\"https:\/\/paredesseguridad.com\/blog\/?s={search_term_string}\"},\"query-input\":{\"@type\":\"PropertyValueSpecification\",\"valueRequired\":true,\"valueName\":\"search_term_string\"}}],\"inLanguage\":\"es\"},{\"@type\":\"Person\",\"@id\":\"https:\/\/paredesseguridad.com\/blog\/#\/schema\/person\/79ea1d860750f45d2c24c5a9df19ac4f\",\"name\":\"Paredes Seguridad Blog\",\"image\":{\"@type\":\"ImageObject\",\"inLanguage\":\"es\",\"@id\":\"https:\/\/paredesseguridad.com\/blog\/#\/schema\/person\/image\/\",\"url\":\"https:\/\/secure.gravatar.com\/avatar\/f9af108c778d1b950675deeba855c317?s=96&d=mm&r=g\",\"contentUrl\":\"https:\/\/secure.gravatar.com\/avatar\/f9af108c778d1b950675deeba855c317?s=96&d=mm&r=g\",\"caption\":\"Paredes Seguridad Blog\"},\"url\":\"https:\/\/paredesseguridad.com\/blog\/author\/paredes-seguridad-blog\/\"}]}<\/script>\n<!-- \/ Yoast SEO plugin. -->","yoast_head_json":{"title":"Mascarillas FFP2 e IIR: c\u00f3mo elegir la protecci\u00f3n adecuada","description":"Mascarillas FFP2 e IIR: tipos, certificaciones y criterios para elegir la mejor protecci\u00f3n respiratoria en entornos laborales.","robots":{"index":"index","follow":"follow","max-snippet":"max-snippet:-1","max-image-preview":"max-image-preview:large","max-video-preview":"max-video-preview:-1"},"canonical":"https:\/\/paredesseguridad.com\/blog\/mascarillas-ffp2-e-iir-en-entornos-laborales-como-elegir-la-proteccion-adecuada\/","og_locale":"es_ES","og_type":"article","og_title":"Mascarillas FFP2 e IIR: c\u00f3mo elegir la protecci\u00f3n adecuada","og_description":"Mascarillas FFP2 e IIR: tipos, certificaciones y criterios para elegir la mejor protecci\u00f3n respiratoria en entornos laborales.","og_url":"https:\/\/paredesseguridad.com\/blog\/mascarillas-ffp2-e-iir-en-entornos-laborales-como-elegir-la-proteccion-adecuada\/","og_site_name":"Blog de Paredes Seguridad","article_published_time":"2025-12-02T11:29:47+00:00","article_modified_time":"2025-12-02T11:30:18+00:00","og_image":[{"width":1500,"height":1000,"url":"http:\/\/paredesseguridad.com\/blog\/wp-content\/uploads\/2025\/12\/masarillas-ffp2-paredes-seguridad-7.png","type":"image\/png"}],"author":"Paredes Seguridad Blog","twitter_card":"summary_large_image","twitter_misc":{"Escrito por":"Paredes Seguridad Blog","Tiempo de lectura":"5 minutos"},"schema":{"@context":"https:\/\/schema.org","@graph":[{"@type":"WebPage","@id":"https:\/\/paredesseguridad.com\/blog\/mascarillas-ffp2-e-iir-en-entornos-laborales-como-elegir-la-proteccion-adecuada\/","url":"https:\/\/paredesseguridad.com\/blog\/mascarillas-ffp2-e-iir-en-entornos-laborales-como-elegir-la-proteccion-adecuada\/","name":"Mascarillas FFP2 e IIR: c\u00f3mo elegir la protecci\u00f3n adecuada","isPartOf":{"@id":"https:\/\/paredesseguridad.com\/blog\/#website"},"primaryImageOfPage":{"@id":"https:\/\/paredesseguridad.com\/blog\/mascarillas-ffp2-e-iir-en-entornos-laborales-como-elegir-la-proteccion-adecuada\/#primaryimage"},"image":{"@id":"https:\/\/paredesseguridad.com\/blog\/mascarillas-ffp2-e-iir-en-entornos-laborales-como-elegir-la-proteccion-adecuada\/#primaryimage"},"thumbnailUrl":"https:\/\/i0.wp.com\/paredesseguridad.com\/blog\/wp-content\/uploads\/2025\/12\/masarillas-ffp2-paredes-seguridad-7.png?fit=1500%2C1000&ssl=1","datePublished":"2025-12-02T11:29:47+00:00","dateModified":"2025-12-02T11:30:18+00:00","author":{"@id":"https:\/\/paredesseguridad.com\/blog\/#\/schema\/person\/79ea1d860750f45d2c24c5a9df19ac4f"},"description":"Mascarillas FFP2 e IIR: tipos, certificaciones y criterios para elegir la mejor protecci\u00f3n respiratoria en entornos laborales.","breadcrumb":{"@id":"https:\/\/paredesseguridad.com\/blog\/mascarillas-ffp2-e-iir-en-entornos-laborales-como-elegir-la-proteccion-adecuada\/#breadcrumb"},"inLanguage":"es","potentialAction":[{"@type":"ReadAction","target":["https:\/\/paredesseguridad.com\/blog\/mascarillas-ffp2-e-iir-en-entornos-laborales-como-elegir-la-proteccion-adecuada\/"]}]},{"@type":"ImageObject","inLanguage":"es","@id":"https:\/\/paredesseguridad.com\/blog\/mascarillas-ffp2-e-iir-en-entornos-laborales-como-elegir-la-proteccion-adecuada\/#primaryimage","url":"https:\/\/i0.wp.com\/paredesseguridad.com\/blog\/wp-content\/uploads\/2025\/12\/masarillas-ffp2-paredes-seguridad-7.png?fit=1500%2C1000&ssl=1","contentUrl":"https:\/\/i0.wp.com\/paredesseguridad.com\/blog\/wp-content\/uploads\/2025\/12\/masarillas-ffp2-paredes-seguridad-7.png?fit=1500%2C1000&ssl=1","width":1500,"height":1000,"caption":"Trabajadora usando mascarilla FFP2 certificada de Paredes Seguridad."},{"@type":"BreadcrumbList","@id":"https:\/\/paredesseguridad.com\/blog\/mascarillas-ffp2-e-iir-en-entornos-laborales-como-elegir-la-proteccion-adecuada\/#breadcrumb","itemListElement":[{"@type":"ListItem","position":1,"name":"Portada","item":"https:\/\/paredesseguridad.com\/blog\/"},{"@type":"ListItem","position":2,"name":"Mascarillas FFP2 e IIR en entornos laborales: c\u00f3mo elegir la protecci\u00f3n adecuada"}]},{"@type":"WebSite","@id":"https:\/\/paredesseguridad.com\/blog\/#website","url":"https:\/\/paredesseguridad.com\/blog\/","name":"Blog de Paredes Seguridad","description":"Calzados Paredes es una de las grandes firmas espa\u00f1olas de calzado desde hace m\u00e1s de 55 a\u00f1os.","potentialAction":[{"@type":"SearchAction","target":{"@type":"EntryPoint","urlTemplate":"https:\/\/paredesseguridad.com\/blog\/?s={search_term_string}"},"query-input":{"@type":"PropertyValueSpecification","valueRequired":true,"valueName":"search_term_string"}}],"inLanguage":"es"},{"@type":"Person","@id":"https:\/\/paredesseguridad.com\/blog\/#\/schema\/person\/79ea1d860750f45d2c24c5a9df19ac4f","name":"Paredes Seguridad Blog","image":{"@type":"ImageObject","inLanguage":"es","@id":"https:\/\/paredesseguridad.com\/blog\/#\/schema\/person\/image\/","url":"https:\/\/secure.gravatar.com\/avatar\/f9af108c778d1b950675deeba855c317?s=96&d=mm&r=g","contentUrl":"https:\/\/secure.gravatar.com\/avatar\/f9af108c778d1b950675deeba855c317?s=96&d=mm&r=g","caption":"Paredes Seguridad Blog"},"url":"https:\/\/paredesseguridad.com\/blog\/author\/paredes-seguridad-blog\/"}]}},"jetpack_sharing_enabled":true,"jetpack_featured_media_url":"https:\/\/i0.wp.com\/paredesseguridad.com\/blog\/wp-content\/uploads\/2025\/12\/masarillas-ffp2-paredes-seguridad-7.png?fit=1500%2C1000&ssl=1","_links":{"self":[{"href":"https:\/\/paredesseguridad.com\/blog\/wp-json\/wp\/v2\/posts\/2922"}],"collection":[{"href":"https:\/\/paredesseguridad.com\/blog\/wp-json\/wp\/v2\/posts"}],"about":[{"href":"https:\/\/paredesseguridad.com\/blog\/wp-json\/wp\/v2\/types\/post"}],"author":[{"embeddable":true,"href":"https:\/\/paredesseguridad.com\/blog\/wp-json\/wp\/v2\/users\/2"}],"replies":[{"embeddable":true,"href":"https:\/\/paredesseguridad.com\/blog\/wp-json\/wp\/v2\/comments?post=2922"}],"version-history":[{"count":39,"href":"https:\/\/paredesseguridad.com\/blog\/wp-json\/wp\/v2\/posts\/2922\/revisions"}],"predecessor-version":[{"id":2966,"href":"https:\/\/paredesseguridad.com\/blog\/wp-json\/wp\/v2\/posts\/2922\/revisions\/2966"}],"wp:featuredmedia":[{"embeddable":true,"href":"https:\/\/paredesseguridad.com\/blog\/wp-json\/wp\/v2\/media\/2927"}],"wp:attachment":[{"href":"https:\/\/paredesseguridad.com\/blog\/wp-json\/wp\/v2\/media?parent=2922"}],"wp:term":[{"taxonomy":"category","embeddable":true,"href":"https:\/\/paredesseguridad.com\/blog\/wp-json\/wp\/v2\/categories?post=2922"},{"taxonomy":"post_tag","embeddable":true,"href":"https:\/\/paredesseguridad.com\/blog\/wp-json\/wp\/v2\/tags?post=2922"}],"curies":[{"name":"wp","href":"https:\/\/api.w.org\/{rel}","templated":true}]}}