{"id":974,"date":"2019-11-20T15:25:35","date_gmt":"2019-11-20T14:25:35","guid":{"rendered":"http:\/\/paredesseguridad.com\/blog\/?p=974"},"modified":"2020-02-18T15:15:00","modified_gmt":"2020-02-18T14:15:00","slug":"presentamos-nuestro-calzado-de-seguridad-mas-innovador-en-la-feria-aa","status":"publish","type":"post","link":"https:\/\/paredesseguridad.com\/blog\/presentamos-nuestro-calzado-de-seguridad-mas-innovador-en-la-feria-aa\/","title":{"rendered":"Presentamos el nuevo calzado de Seguridad Paredes en la feria Alemana A+A"},"content":{"rendered":"\n<h2 class=\"has-text-align-center wp-block-heading\">Destacamos con nuestro calzado de seguridad m\u00e1s innovador <\/h2>\n\n\n\n<p>En <strong><a href=\"https:\/\/www.paredesseguridad.com\">Paredes Seguridad<\/a><\/strong> presentamos nuestro <strong>calzado de seguridad m\u00e1s innovador<\/strong> tras haber asistido, un a\u00f1o m\u00e1s, al evento internacional m\u00e1s importante de seguridad y salud en el trabajo La <strong><a href=\"https:\/\/paredesseguridad.com\/blog\/paredes-seguridad-apuesta-en-la-participacion-de-ferias-internacionales-de-proteccion-laboral\/\">feria<\/a> A+A<\/strong> abri\u00f3 sus puertas en noviembre de 2019 a las empresas de seguridad m\u00e1s importantes del mundo, en Alemania.<\/p>\n\n\n\n<div class=\"wp-block-jetpack-tiled-gallery is-style-columns\"><div class=\"tiled-gallery__gallery\"><div class=\"tiled-gallery__row\"><div class=\"tiled-gallery__col\"><figure class=\"tiled-gallery__item\"><img decoding=\"async\" data-attachment-id=\"1002\" data-permalink=\"https:\/\/paredesseguridad.com\/blog\/presentamos-nuestro-calzado-de-seguridad-mas-innovador-en-la-feria-aa\/sp5172-ne-jet_1-4\/\" data-orig-file=\"https:\/\/i0.wp.com\/paredesseguridad.com\/blog\/wp-content\/uploads\/2019\/11\/SP5172-NE-JET_1-4-scaled.jpg?fit=2560%2C2053&amp;ssl=1\" data-orig-size=\"2560,2053\" data-comments-opened=\"1\" data-image-meta=\"{&quot;aperture&quot;:&quot;0&quot;,&quot;credit&quot;:&quot;&quot;,&quot;camera&quot;:&quot;&quot;,&quot;caption&quot;:&quot;&quot;,&quot;created_timestamp&quot;:&quot;0&quot;,&quot;copyright&quot;:&quot;&quot;,&quot;focal_length&quot;:&quot;0&quot;,&quot;iso&quot;:&quot;0&quot;,&quot;shutter_speed&quot;:&quot;0&quot;,&quot;title&quot;:&quot;&quot;,&quot;orientation&quot;:&quot;0&quot;}\" data-image-title=\"SP5172-NE-JET_1-4\" data-image-description=\"\" data-image-caption=\"&lt;p&gt;Calzado de seguridad laboral | Jet&lt;\/p&gt;\n\" data-medium-file=\"https:\/\/i0.wp.com\/paredesseguridad.com\/blog\/wp-content\/uploads\/2019\/11\/SP5172-NE-JET_1-4-scaled.jpg?fit=300%2C241&amp;ssl=1\" data-large-file=\"https:\/\/i0.wp.com\/paredesseguridad.com\/blog\/wp-content\/uploads\/2019\/11\/SP5172-NE-JET_1-4-scaled.jpg?fit=860%2C690&amp;ssl=1\" tabindex=\"0\" role=\"button\" data-attachment-id=\"1002\" data-permalink=\"https:\/\/paredesseguridad.com\/blog\/presentamos-nuestro-calzado-de-seguridad-mas-innovador-en-la-feria-aa\/sp5172-ne-jet_1-4\/\" data-orig-file=\"https:\/\/i0.wp.com\/paredesseguridad.com\/blog\/wp-content\/uploads\/2019\/11\/SP5172-NE-JET_1-4-scaled.jpg?fit=2560%2C2053&amp;ssl=1\" data-orig-size=\"2560,2053\" data-comments-opened=\"1\" data-image-meta=\"{&quot;aperture&quot;:&quot;0&quot;,&quot;credit&quot;:&quot;&quot;,&quot;camera&quot;:&quot;&quot;,&quot;caption&quot;:&quot;&quot;,&quot;created_timestamp&quot;:&quot;0&quot;,&quot;copyright&quot;:&quot;&quot;,&quot;focal_length&quot;:&quot;0&quot;,&quot;iso&quot;:&quot;0&quot;,&quot;shutter_speed&quot;:&quot;0&quot;,&quot;title&quot;:&quot;&quot;,&quot;orientation&quot;:&quot;0&quot;}\" data-image-title=\"SP5172-NE-JET_1-4\" data-image-description=\"\" data-image-caption=\"&lt;p&gt;Calzado de seguridad laboral | Jet&lt;\/p&gt;\n\" data-medium-file=\"https:\/\/i0.wp.com\/paredesseguridad.com\/blog\/wp-content\/uploads\/2019\/11\/SP5172-NE-JET_1-4-scaled.jpg?fit=300%2C241&amp;ssl=1\" data-large-file=\"https:\/\/i0.wp.com\/paredesseguridad.com\/blog\/wp-content\/uploads\/2019\/11\/SP5172-NE-JET_1-4-scaled.jpg?fit=860%2C690&amp;ssl=1\" tabindex=\"0\" role=\"button\" srcset=\"https:\/\/i1.wp.com\/paredesseguridad.com\/blog\/wp-content\/uploads\/2019\/11\/SP5172-NE-JET_1-4-1024x821.jpg?strip=info&#038;w=600&#038;ssl=1 600w,https:\/\/i1.wp.com\/paredesseguridad.com\/blog\/wp-content\/uploads\/2019\/11\/SP5172-NE-JET_1-4-1024x821.jpg?strip=info&#038;w=900&#038;ssl=1 900w,https:\/\/i1.wp.com\/paredesseguridad.com\/blog\/wp-content\/uploads\/2019\/11\/SP5172-NE-JET_1-4-1024x821.jpg?strip=info&#038;w=1200&#038;ssl=1 1200w,https:\/\/i1.wp.com\/paredesseguridad.com\/blog\/wp-content\/uploads\/2019\/11\/SP5172-NE-JET_1-4-1024x821.jpg?strip=info&#038;w=1500&#038;ssl=1 1500w,https:\/\/i1.wp.com\/paredesseguridad.com\/blog\/wp-content\/uploads\/2019\/11\/SP5172-NE-JET_1-4-1024x821.jpg?strip=info&#038;w=1800&#038;ssl=1 1800w,https:\/\/i1.wp.com\/paredesseguridad.com\/blog\/wp-content\/uploads\/2019\/11\/SP5172-NE-JET_1-4-1024x821.jpg?strip=info&#038;w=2000&#038;ssl=1 2000w\" alt=\"\" aria-label=\"imagen 1 de 3 en la biblioteca\" data-height=\"2053\" data-id=\"1002\" data-link=\"http:\/\/paredesseguridad.com\/blog\/?attachment_id=1002\" data-url=\"https:\/\/paredesseguridad.com\/blog\/wp-content\/uploads\/2019\/11\/SP5172-NE-JET_1-4-1024x821.jpg\" data-width=\"2560\" src=\"https:\/\/i1.wp.com\/paredesseguridad.com\/blog\/wp-content\/uploads\/2019\/11\/SP5172-NE-JET_1-4-1024x821.jpg?ssl=1\"\/><\/figure><\/div><div class=\"tiled-gallery__col\"><figure class=\"tiled-gallery__item\"><img decoding=\"async\" data-attachment-id=\"1004\" data-permalink=\"https:\/\/paredesseguridad.com\/blog\/presentamos-nuestro-calzado-de-seguridad-mas-innovador-en-la-feria-aa\/sp5190-ne-messier_2-3\/\" data-orig-file=\"https:\/\/i0.wp.com\/paredesseguridad.com\/blog\/wp-content\/uploads\/2019\/11\/SP5190-NE-MESSIER_2-3-scaled.jpg?fit=2560%2C2053&amp;ssl=1\" data-orig-size=\"2560,2053\" data-comments-opened=\"1\" data-image-meta=\"{&quot;aperture&quot;:&quot;0&quot;,&quot;credit&quot;:&quot;&quot;,&quot;camera&quot;:&quot;&quot;,&quot;caption&quot;:&quot;&quot;,&quot;created_timestamp&quot;:&quot;0&quot;,&quot;copyright&quot;:&quot;&quot;,&quot;focal_length&quot;:&quot;0&quot;,&quot;iso&quot;:&quot;0&quot;,&quot;shutter_speed&quot;:&quot;0&quot;,&quot;title&quot;:&quot;&quot;,&quot;orientation&quot;:&quot;0&quot;}\" data-image-title=\"SP5190-NE-MESSIER_2-3\" data-image-description=\"\" data-image-caption=\"&lt;p&gt;Calzado de seguridad laboral | Trekking&lt;\/p&gt;\n\" data-medium-file=\"https:\/\/i0.wp.com\/paredesseguridad.com\/blog\/wp-content\/uploads\/2019\/11\/SP5190-NE-MESSIER_2-3-scaled.jpg?fit=300%2C241&amp;ssl=1\" data-large-file=\"https:\/\/i0.wp.com\/paredesseguridad.com\/blog\/wp-content\/uploads\/2019\/11\/SP5190-NE-MESSIER_2-3-scaled.jpg?fit=860%2C690&amp;ssl=1\" tabindex=\"0\" role=\"button\" data-attachment-id=\"1004\" data-permalink=\"https:\/\/paredesseguridad.com\/blog\/presentamos-nuestro-calzado-de-seguridad-mas-innovador-en-la-feria-aa\/sp5190-ne-messier_2-3\/\" data-orig-file=\"https:\/\/i0.wp.com\/paredesseguridad.com\/blog\/wp-content\/uploads\/2019\/11\/SP5190-NE-MESSIER_2-3-scaled.jpg?fit=2560%2C2053&amp;ssl=1\" data-orig-size=\"2560,2053\" data-comments-opened=\"1\" data-image-meta=\"{&quot;aperture&quot;:&quot;0&quot;,&quot;credit&quot;:&quot;&quot;,&quot;camera&quot;:&quot;&quot;,&quot;caption&quot;:&quot;&quot;,&quot;created_timestamp&quot;:&quot;0&quot;,&quot;copyright&quot;:&quot;&quot;,&quot;focal_length&quot;:&quot;0&quot;,&quot;iso&quot;:&quot;0&quot;,&quot;shutter_speed&quot;:&quot;0&quot;,&quot;title&quot;:&quot;&quot;,&quot;orientation&quot;:&quot;0&quot;}\" data-image-title=\"SP5190-NE-MESSIER_2-3\" data-image-description=\"\" data-image-caption=\"&lt;p&gt;Calzado de seguridad laboral | Trekking&lt;\/p&gt;\n\" data-medium-file=\"https:\/\/i0.wp.com\/paredesseguridad.com\/blog\/wp-content\/uploads\/2019\/11\/SP5190-NE-MESSIER_2-3-scaled.jpg?fit=300%2C241&amp;ssl=1\" data-large-file=\"https:\/\/i0.wp.com\/paredesseguridad.com\/blog\/wp-content\/uploads\/2019\/11\/SP5190-NE-MESSIER_2-3-scaled.jpg?fit=860%2C690&amp;ssl=1\" tabindex=\"0\" role=\"button\" srcset=\"https:\/\/i0.wp.com\/paredesseguridad.com\/blog\/wp-content\/uploads\/2019\/11\/SP5190-NE-MESSIER_2-3-1024x821.jpg?strip=info&#038;w=600&#038;ssl=1 600w,https:\/\/i0.wp.com\/paredesseguridad.com\/blog\/wp-content\/uploads\/2019\/11\/SP5190-NE-MESSIER_2-3-1024x821.jpg?strip=info&#038;w=900&#038;ssl=1 900w,https:\/\/i0.wp.com\/paredesseguridad.com\/blog\/wp-content\/uploads\/2019\/11\/SP5190-NE-MESSIER_2-3-1024x821.jpg?strip=info&#038;w=1200&#038;ssl=1 1200w,https:\/\/i0.wp.com\/paredesseguridad.com\/blog\/wp-content\/uploads\/2019\/11\/SP5190-NE-MESSIER_2-3-1024x821.jpg?strip=info&#038;w=1500&#038;ssl=1 1500w,https:\/\/i0.wp.com\/paredesseguridad.com\/blog\/wp-content\/uploads\/2019\/11\/SP5190-NE-MESSIER_2-3-1024x821.jpg?strip=info&#038;w=1800&#038;ssl=1 1800w,https:\/\/i0.wp.com\/paredesseguridad.com\/blog\/wp-content\/uploads\/2019\/11\/SP5190-NE-MESSIER_2-3-1024x821.jpg?strip=info&#038;w=2000&#038;ssl=1 2000w\" alt=\"\" aria-label=\"imagen 2 de 3 en la biblioteca\" data-height=\"2053\" data-id=\"1004\" data-link=\"http:\/\/paredesseguridad.com\/blog\/?attachment_id=1004\" data-url=\"https:\/\/paredesseguridad.com\/blog\/wp-content\/uploads\/2019\/11\/SP5190-NE-MESSIER_2-3-1024x821.jpg\" data-width=\"2560\" src=\"https:\/\/i0.wp.com\/paredesseguridad.com\/blog\/wp-content\/uploads\/2019\/11\/SP5190-NE-MESSIER_2-3-1024x821.jpg?ssl=1\"\/><\/figure><\/div><div class=\"tiled-gallery__col\"><figure class=\"tiled-gallery__item\"><img decoding=\"async\" data-attachment-id=\"1003\" data-permalink=\"https:\/\/paredesseguridad.com\/blog\/presentamos-nuestro-calzado-de-seguridad-mas-innovador-en-la-feria-aa\/sp5173-ne-amber_1-3\/\" data-orig-file=\"https:\/\/i0.wp.com\/paredesseguridad.com\/blog\/wp-content\/uploads\/2019\/11\/SP5173-NE-AMBER_1-3-scaled.jpg?fit=2560%2C2053&amp;ssl=1\" data-orig-size=\"2560,2053\" data-comments-opened=\"1\" data-image-meta=\"{&quot;aperture&quot;:&quot;0&quot;,&quot;credit&quot;:&quot;&quot;,&quot;camera&quot;:&quot;&quot;,&quot;caption&quot;:&quot;&quot;,&quot;created_timestamp&quot;:&quot;0&quot;,&quot;copyright&quot;:&quot;&quot;,&quot;focal_length&quot;:&quot;0&quot;,&quot;iso&quot;:&quot;0&quot;,&quot;shutter_speed&quot;:&quot;0&quot;,&quot;title&quot;:&quot;&quot;,&quot;orientation&quot;:&quot;0&quot;}\" data-image-title=\"SP5173-NE-AMBER_1-3\" data-image-description=\"\" data-image-caption=\"&lt;p&gt;Calzado de seguridad laboral | Amber&lt;\/p&gt;\n\" data-medium-file=\"https:\/\/i0.wp.com\/paredesseguridad.com\/blog\/wp-content\/uploads\/2019\/11\/SP5173-NE-AMBER_1-3-scaled.jpg?fit=300%2C241&amp;ssl=1\" data-large-file=\"https:\/\/i0.wp.com\/paredesseguridad.com\/blog\/wp-content\/uploads\/2019\/11\/SP5173-NE-AMBER_1-3-scaled.jpg?fit=860%2C690&amp;ssl=1\" tabindex=\"0\" role=\"button\" data-attachment-id=\"1003\" data-permalink=\"https:\/\/paredesseguridad.com\/blog\/presentamos-nuestro-calzado-de-seguridad-mas-innovador-en-la-feria-aa\/sp5173-ne-amber_1-3\/\" data-orig-file=\"https:\/\/i0.wp.com\/paredesseguridad.com\/blog\/wp-content\/uploads\/2019\/11\/SP5173-NE-AMBER_1-3-scaled.jpg?fit=2560%2C2053&amp;ssl=1\" data-orig-size=\"2560,2053\" data-comments-opened=\"1\" data-image-meta=\"{&quot;aperture&quot;:&quot;0&quot;,&quot;credit&quot;:&quot;&quot;,&quot;camera&quot;:&quot;&quot;,&quot;caption&quot;:&quot;&quot;,&quot;created_timestamp&quot;:&quot;0&quot;,&quot;copyright&quot;:&quot;&quot;,&quot;focal_length&quot;:&quot;0&quot;,&quot;iso&quot;:&quot;0&quot;,&quot;shutter_speed&quot;:&quot;0&quot;,&quot;title&quot;:&quot;&quot;,&quot;orientation&quot;:&quot;0&quot;}\" data-image-title=\"SP5173-NE-AMBER_1-3\" data-image-description=\"\" data-image-caption=\"&lt;p&gt;Calzado de seguridad laboral | Amber&lt;\/p&gt;\n\" data-medium-file=\"https:\/\/i0.wp.com\/paredesseguridad.com\/blog\/wp-content\/uploads\/2019\/11\/SP5173-NE-AMBER_1-3-scaled.jpg?fit=300%2C241&amp;ssl=1\" data-large-file=\"https:\/\/i0.wp.com\/paredesseguridad.com\/blog\/wp-content\/uploads\/2019\/11\/SP5173-NE-AMBER_1-3-scaled.jpg?fit=860%2C690&amp;ssl=1\" tabindex=\"0\" role=\"button\" srcset=\"https:\/\/i2.wp.com\/paredesseguridad.com\/blog\/wp-content\/uploads\/2019\/11\/SP5173-NE-AMBER_1-3-1024x821.jpg?strip=info&#038;w=600&#038;ssl=1 600w,https:\/\/i2.wp.com\/paredesseguridad.com\/blog\/wp-content\/uploads\/2019\/11\/SP5173-NE-AMBER_1-3-1024x821.jpg?strip=info&#038;w=900&#038;ssl=1 900w,https:\/\/i2.wp.com\/paredesseguridad.com\/blog\/wp-content\/uploads\/2019\/11\/SP5173-NE-AMBER_1-3-1024x821.jpg?strip=info&#038;w=1200&#038;ssl=1 1200w,https:\/\/i2.wp.com\/paredesseguridad.com\/blog\/wp-content\/uploads\/2019\/11\/SP5173-NE-AMBER_1-3-1024x821.jpg?strip=info&#038;w=1500&#038;ssl=1 1500w,https:\/\/i2.wp.com\/paredesseguridad.com\/blog\/wp-content\/uploads\/2019\/11\/SP5173-NE-AMBER_1-3-1024x821.jpg?strip=info&#038;w=1800&#038;ssl=1 1800w,https:\/\/i2.wp.com\/paredesseguridad.com\/blog\/wp-content\/uploads\/2019\/11\/SP5173-NE-AMBER_1-3-1024x821.jpg?strip=info&#038;w=2000&#038;ssl=1 2000w\" alt=\"\" aria-label=\"imagen 3 de 3 en la biblioteca\" data-height=\"2053\" data-id=\"1003\" data-link=\"http:\/\/paredesseguridad.com\/blog\/?attachment_id=1003\" data-url=\"https:\/\/paredesseguridad.com\/blog\/wp-content\/uploads\/2019\/11\/SP5173-NE-AMBER_1-3-1024x821.jpg\" data-width=\"2560\" src=\"https:\/\/i2.wp.com\/paredesseguridad.com\/blog\/wp-content\/uploads\/2019\/11\/SP5173-NE-AMBER_1-3-1024x821.jpg?ssl=1\"\/><\/figure><\/div><\/div><\/div><\/div>\n\n\n\n<p>En esta ocasi\u00f3n presentamos en D\u00fcsseldorf los nuevos modelos para 2020, con los que destacamos gracias a la <strong>innovaci\u00f3n<\/strong> y el <strong>desarrollo<\/strong> de nuestros productos. Los modelos que m\u00e1s destacaron en la feria fueron el<strong> Jet<\/strong> y el <strong>Amber<\/strong> por su ligereza y versatilidad, propiedades innovadoras en el calzado de seguridad laboral, ya que \u00e9stos suelen ser m\u00e1s pesados y r\u00edgidos. Otra caracter\u00edstica a destacar son sus pisos especiales de <strong>EVA\/CAUCHO<\/strong> que tienen una capacidad de absorci\u00f3n de shock y antideslizamiento excelente. Hechas con la intenci\u00f3n de ofrecer la m\u00e1xima protecci\u00f3n al trabajador.<br><\/p>\n\n\n\n<p>El <strong>nuevo concepto de calzado de seguridad innovador<\/strong> que presentamos, gust\u00f3 mucho a los asistentes del evento. Les sorprendi\u00f3 el perfeccionamiento que hemos hecho en el calzado de protecci\u00f3n, en relaci\u00f3n a su peso y composici\u00f3n <a href=\"https:\/\/www.paredesseguridad.com\/tecnologias\/\"><strong>S3, ESD Y SRC<\/strong>.<\/a><\/p>\n\n\n\n<div class=\"wp-block-jetpack-tiled-gallery aligncenter is-style-columns\"><div class=\"tiled-gallery__gallery\"><div class=\"tiled-gallery__row\"><div class=\"tiled-gallery__col\"><figure class=\"tiled-gallery__item\"><img decoding=\"async\" data-attachment-id=\"996\" data-permalink=\"https:\/\/paredesseguridad.com\/blog\/presentamos-nuestro-calzado-de-seguridad-mas-innovador-en-la-feria-aa\/sp5172-ne-jet\/\" data-orig-file=\"https:\/\/i0.wp.com\/paredesseguridad.com\/blog\/wp-content\/uploads\/2019\/11\/SP5172-NE-JET-scaled.jpg?fit=2560%2C2053&amp;ssl=1\" data-orig-size=\"2560,2053\" data-comments-opened=\"1\" data-image-meta=\"{&quot;aperture&quot;:&quot;0&quot;,&quot;credit&quot;:&quot;&quot;,&quot;camera&quot;:&quot;&quot;,&quot;caption&quot;:&quot;&quot;,&quot;created_timestamp&quot;:&quot;0&quot;,&quot;copyright&quot;:&quot;&quot;,&quot;focal_length&quot;:&quot;0&quot;,&quot;iso&quot;:&quot;0&quot;,&quot;shutter_speed&quot;:&quot;0&quot;,&quot;title&quot;:&quot;&quot;,&quot;orientation&quot;:&quot;0&quot;}\" data-image-title=\"SP5172-NE-JET\" data-image-description=\"\" data-image-caption=\"&lt;p&gt;Calzado de seguridad laboral | Jet&lt;\/p&gt;\n\" data-medium-file=\"https:\/\/i0.wp.com\/paredesseguridad.com\/blog\/wp-content\/uploads\/2019\/11\/SP5172-NE-JET-scaled.jpg?fit=300%2C241&amp;ssl=1\" data-large-file=\"https:\/\/i0.wp.com\/paredesseguridad.com\/blog\/wp-content\/uploads\/2019\/11\/SP5172-NE-JET-scaled.jpg?fit=860%2C690&amp;ssl=1\" tabindex=\"0\" role=\"button\" data-attachment-id=\"996\" data-permalink=\"https:\/\/paredesseguridad.com\/blog\/presentamos-nuestro-calzado-de-seguridad-mas-innovador-en-la-feria-aa\/sp5172-ne-jet\/\" data-orig-file=\"https:\/\/i0.wp.com\/paredesseguridad.com\/blog\/wp-content\/uploads\/2019\/11\/SP5172-NE-JET-scaled.jpg?fit=2560%2C2053&amp;ssl=1\" data-orig-size=\"2560,2053\" data-comments-opened=\"1\" data-image-meta=\"{&quot;aperture&quot;:&quot;0&quot;,&quot;credit&quot;:&quot;&quot;,&quot;camera&quot;:&quot;&quot;,&quot;caption&quot;:&quot;&quot;,&quot;created_timestamp&quot;:&quot;0&quot;,&quot;copyright&quot;:&quot;&quot;,&quot;focal_length&quot;:&quot;0&quot;,&quot;iso&quot;:&quot;0&quot;,&quot;shutter_speed&quot;:&quot;0&quot;,&quot;title&quot;:&quot;&quot;,&quot;orientation&quot;:&quot;0&quot;}\" data-image-title=\"SP5172-NE-JET\" data-image-description=\"\" data-image-caption=\"&lt;p&gt;Calzado de seguridad laboral | Jet&lt;\/p&gt;\n\" data-medium-file=\"https:\/\/i0.wp.com\/paredesseguridad.com\/blog\/wp-content\/uploads\/2019\/11\/SP5172-NE-JET-scaled.jpg?fit=300%2C241&amp;ssl=1\" data-large-file=\"https:\/\/i0.wp.com\/paredesseguridad.com\/blog\/wp-content\/uploads\/2019\/11\/SP5172-NE-JET-scaled.jpg?fit=860%2C690&amp;ssl=1\" tabindex=\"0\" role=\"button\" srcset=\"https:\/\/i2.wp.com\/paredesseguridad.com\/blog\/wp-content\/uploads\/2019\/11\/SP5172-NE-JET-1024x821.jpg?strip=info&#038;w=600&#038;ssl=1 600w,https:\/\/i2.wp.com\/paredesseguridad.com\/blog\/wp-content\/uploads\/2019\/11\/SP5172-NE-JET-1024x821.jpg?strip=info&#038;w=900&#038;ssl=1 900w,https:\/\/i2.wp.com\/paredesseguridad.com\/blog\/wp-content\/uploads\/2019\/11\/SP5172-NE-JET-1024x821.jpg?strip=info&#038;w=1200&#038;ssl=1 1200w,https:\/\/i2.wp.com\/paredesseguridad.com\/blog\/wp-content\/uploads\/2019\/11\/SP5172-NE-JET-1024x821.jpg?strip=info&#038;w=1500&#038;ssl=1 1500w,https:\/\/i2.wp.com\/paredesseguridad.com\/blog\/wp-content\/uploads\/2019\/11\/SP5172-NE-JET-1024x821.jpg?strip=info&#038;w=1800&#038;ssl=1 1800w,https:\/\/i2.wp.com\/paredesseguridad.com\/blog\/wp-content\/uploads\/2019\/11\/SP5172-NE-JET-1024x821.jpg?strip=info&#038;w=2000&#038;ssl=1 2000w\" alt=\"\" aria-label=\"imagen 1 de 3 en la biblioteca\" data-height=\"2053\" data-id=\"996\" data-link=\"http:\/\/paredesseguridad.com\/blog\/?attachment_id=996\" data-url=\"https:\/\/paredesseguridad.com\/blog\/wp-content\/uploads\/2019\/11\/SP5172-NE-JET-1024x821.jpg\" data-width=\"2560\" src=\"https:\/\/i2.wp.com\/paredesseguridad.com\/blog\/wp-content\/uploads\/2019\/11\/SP5172-NE-JET-1024x821.jpg?ssl=1\"\/><\/figure><\/div><div class=\"tiled-gallery__col\"><figure class=\"tiled-gallery__item\"><img decoding=\"async\" data-attachment-id=\"998\" data-permalink=\"https:\/\/paredesseguridad.com\/blog\/presentamos-nuestro-calzado-de-seguridad-mas-innovador-en-la-feria-aa\/sp5190-ne-messier\/\" data-orig-file=\"https:\/\/i0.wp.com\/paredesseguridad.com\/blog\/wp-content\/uploads\/2019\/11\/SP5190-NE-MESSIER-scaled.jpg?fit=2560%2C2053&amp;ssl=1\" data-orig-size=\"2560,2053\" data-comments-opened=\"1\" data-image-meta=\"{&quot;aperture&quot;:&quot;0&quot;,&quot;credit&quot;:&quot;&quot;,&quot;camera&quot;:&quot;&quot;,&quot;caption&quot;:&quot;&quot;,&quot;created_timestamp&quot;:&quot;0&quot;,&quot;copyright&quot;:&quot;&quot;,&quot;focal_length&quot;:&quot;0&quot;,&quot;iso&quot;:&quot;0&quot;,&quot;shutter_speed&quot;:&quot;0&quot;,&quot;title&quot;:&quot;&quot;,&quot;orientation&quot;:&quot;0&quot;}\" data-image-title=\"SP5190-NE-MESSIER\" data-image-description=\"\" data-image-caption=\"&lt;p&gt;Calzado de seguridad laboral | Trekking&lt;\/p&gt;\n\" data-medium-file=\"https:\/\/i0.wp.com\/paredesseguridad.com\/blog\/wp-content\/uploads\/2019\/11\/SP5190-NE-MESSIER-scaled.jpg?fit=300%2C241&amp;ssl=1\" data-large-file=\"https:\/\/i0.wp.com\/paredesseguridad.com\/blog\/wp-content\/uploads\/2019\/11\/SP5190-NE-MESSIER-scaled.jpg?fit=860%2C690&amp;ssl=1\" tabindex=\"0\" role=\"button\" data-attachment-id=\"998\" data-permalink=\"https:\/\/paredesseguridad.com\/blog\/presentamos-nuestro-calzado-de-seguridad-mas-innovador-en-la-feria-aa\/sp5190-ne-messier\/\" data-orig-file=\"https:\/\/i0.wp.com\/paredesseguridad.com\/blog\/wp-content\/uploads\/2019\/11\/SP5190-NE-MESSIER-scaled.jpg?fit=2560%2C2053&amp;ssl=1\" data-orig-size=\"2560,2053\" data-comments-opened=\"1\" data-image-meta=\"{&quot;aperture&quot;:&quot;0&quot;,&quot;credit&quot;:&quot;&quot;,&quot;camera&quot;:&quot;&quot;,&quot;caption&quot;:&quot;&quot;,&quot;created_timestamp&quot;:&quot;0&quot;,&quot;copyright&quot;:&quot;&quot;,&quot;focal_length&quot;:&quot;0&quot;,&quot;iso&quot;:&quot;0&quot;,&quot;shutter_speed&quot;:&quot;0&quot;,&quot;title&quot;:&quot;&quot;,&quot;orientation&quot;:&quot;0&quot;}\" data-image-title=\"SP5190-NE-MESSIER\" data-image-description=\"\" data-image-caption=\"&lt;p&gt;Calzado de seguridad laboral | Trekking&lt;\/p&gt;\n\" data-medium-file=\"https:\/\/i0.wp.com\/paredesseguridad.com\/blog\/wp-content\/uploads\/2019\/11\/SP5190-NE-MESSIER-scaled.jpg?fit=300%2C241&amp;ssl=1\" data-large-file=\"https:\/\/i0.wp.com\/paredesseguridad.com\/blog\/wp-content\/uploads\/2019\/11\/SP5190-NE-MESSIER-scaled.jpg?fit=860%2C690&amp;ssl=1\" tabindex=\"0\" role=\"button\" srcset=\"https:\/\/i2.wp.com\/paredesseguridad.com\/blog\/wp-content\/uploads\/2019\/11\/SP5190-NE-MESSIER-1024x821.jpg?strip=info&#038;w=600&#038;ssl=1 600w,https:\/\/i2.wp.com\/paredesseguridad.com\/blog\/wp-content\/uploads\/2019\/11\/SP5190-NE-MESSIER-1024x821.jpg?strip=info&#038;w=900&#038;ssl=1 900w,https:\/\/i2.wp.com\/paredesseguridad.com\/blog\/wp-content\/uploads\/2019\/11\/SP5190-NE-MESSIER-1024x821.jpg?strip=info&#038;w=1200&#038;ssl=1 1200w,https:\/\/i2.wp.com\/paredesseguridad.com\/blog\/wp-content\/uploads\/2019\/11\/SP5190-NE-MESSIER-1024x821.jpg?strip=info&#038;w=1500&#038;ssl=1 1500w,https:\/\/i2.wp.com\/paredesseguridad.com\/blog\/wp-content\/uploads\/2019\/11\/SP5190-NE-MESSIER-1024x821.jpg?strip=info&#038;w=1800&#038;ssl=1 1800w,https:\/\/i2.wp.com\/paredesseguridad.com\/blog\/wp-content\/uploads\/2019\/11\/SP5190-NE-MESSIER-1024x821.jpg?strip=info&#038;w=2000&#038;ssl=1 2000w\" alt=\"\" aria-label=\"imagen 2 de 3 en la biblioteca\" data-height=\"2053\" data-id=\"998\" data-link=\"http:\/\/paredesseguridad.com\/blog\/?attachment_id=998\" data-url=\"https:\/\/paredesseguridad.com\/blog\/wp-content\/uploads\/2019\/11\/SP5190-NE-MESSIER-1024x821.jpg\" data-width=\"2560\" src=\"https:\/\/i2.wp.com\/paredesseguridad.com\/blog\/wp-content\/uploads\/2019\/11\/SP5190-NE-MESSIER-1024x821.jpg?ssl=1\"\/><\/figure><\/div><div class=\"tiled-gallery__col\"><figure class=\"tiled-gallery__item\"><img decoding=\"async\" data-attachment-id=\"997\" data-permalink=\"https:\/\/paredesseguridad.com\/blog\/presentamos-nuestro-calzado-de-seguridad-mas-innovador-en-la-feria-aa\/sp5173-ne-amber\/\" data-orig-file=\"https:\/\/i0.wp.com\/paredesseguridad.com\/blog\/wp-content\/uploads\/2019\/11\/SP5173-NE-AMBER-scaled.jpg?fit=2560%2C2053&amp;ssl=1\" data-orig-size=\"2560,2053\" data-comments-opened=\"1\" data-image-meta=\"{&quot;aperture&quot;:&quot;0&quot;,&quot;credit&quot;:&quot;&quot;,&quot;camera&quot;:&quot;&quot;,&quot;caption&quot;:&quot;&quot;,&quot;created_timestamp&quot;:&quot;0&quot;,&quot;copyright&quot;:&quot;&quot;,&quot;focal_length&quot;:&quot;0&quot;,&quot;iso&quot;:&quot;0&quot;,&quot;shutter_speed&quot;:&quot;0&quot;,&quot;title&quot;:&quot;&quot;,&quot;orientation&quot;:&quot;0&quot;}\" data-image-title=\"SP5173-NE-AMBER\" data-image-description=\"\" data-image-caption=\"&lt;p&gt;Calzado de seguridad laboral | Amber&lt;\/p&gt;\n\" data-medium-file=\"https:\/\/i0.wp.com\/paredesseguridad.com\/blog\/wp-content\/uploads\/2019\/11\/SP5173-NE-AMBER-scaled.jpg?fit=300%2C241&amp;ssl=1\" data-large-file=\"https:\/\/i0.wp.com\/paredesseguridad.com\/blog\/wp-content\/uploads\/2019\/11\/SP5173-NE-AMBER-scaled.jpg?fit=860%2C690&amp;ssl=1\" tabindex=\"0\" role=\"button\" data-attachment-id=\"997\" data-permalink=\"https:\/\/paredesseguridad.com\/blog\/presentamos-nuestro-calzado-de-seguridad-mas-innovador-en-la-feria-aa\/sp5173-ne-amber\/\" data-orig-file=\"https:\/\/i0.wp.com\/paredesseguridad.com\/blog\/wp-content\/uploads\/2019\/11\/SP5173-NE-AMBER-scaled.jpg?fit=2560%2C2053&amp;ssl=1\" data-orig-size=\"2560,2053\" data-comments-opened=\"1\" data-image-meta=\"{&quot;aperture&quot;:&quot;0&quot;,&quot;credit&quot;:&quot;&quot;,&quot;camera&quot;:&quot;&quot;,&quot;caption&quot;:&quot;&quot;,&quot;created_timestamp&quot;:&quot;0&quot;,&quot;copyright&quot;:&quot;&quot;,&quot;focal_length&quot;:&quot;0&quot;,&quot;iso&quot;:&quot;0&quot;,&quot;shutter_speed&quot;:&quot;0&quot;,&quot;title&quot;:&quot;&quot;,&quot;orientation&quot;:&quot;0&quot;}\" data-image-title=\"SP5173-NE-AMBER\" data-image-description=\"\" data-image-caption=\"&lt;p&gt;Calzado de seguridad laboral | Amber&lt;\/p&gt;\n\" data-medium-file=\"https:\/\/i0.wp.com\/paredesseguridad.com\/blog\/wp-content\/uploads\/2019\/11\/SP5173-NE-AMBER-scaled.jpg?fit=300%2C241&amp;ssl=1\" data-large-file=\"https:\/\/i0.wp.com\/paredesseguridad.com\/blog\/wp-content\/uploads\/2019\/11\/SP5173-NE-AMBER-scaled.jpg?fit=860%2C690&amp;ssl=1\" tabindex=\"0\" role=\"button\" srcset=\"https:\/\/i2.wp.com\/paredesseguridad.com\/blog\/wp-content\/uploads\/2019\/11\/SP5173-NE-AMBER-1024x821.jpg?strip=info&#038;w=600&#038;ssl=1 600w,https:\/\/i2.wp.com\/paredesseguridad.com\/blog\/wp-content\/uploads\/2019\/11\/SP5173-NE-AMBER-1024x821.jpg?strip=info&#038;w=900&#038;ssl=1 900w,https:\/\/i2.wp.com\/paredesseguridad.com\/blog\/wp-content\/uploads\/2019\/11\/SP5173-NE-AMBER-1024x821.jpg?strip=info&#038;w=1200&#038;ssl=1 1200w,https:\/\/i2.wp.com\/paredesseguridad.com\/blog\/wp-content\/uploads\/2019\/11\/SP5173-NE-AMBER-1024x821.jpg?strip=info&#038;w=1500&#038;ssl=1 1500w,https:\/\/i2.wp.com\/paredesseguridad.com\/blog\/wp-content\/uploads\/2019\/11\/SP5173-NE-AMBER-1024x821.jpg?strip=info&#038;w=1800&#038;ssl=1 1800w,https:\/\/i2.wp.com\/paredesseguridad.com\/blog\/wp-content\/uploads\/2019\/11\/SP5173-NE-AMBER-1024x821.jpg?strip=info&#038;w=2000&#038;ssl=1 2000w\" alt=\"\" aria-label=\"imagen 3 de 3 en la biblioteca\" data-height=\"2053\" data-id=\"997\" data-link=\"http:\/\/paredesseguridad.com\/blog\/?attachment_id=997\" data-url=\"https:\/\/paredesseguridad.com\/blog\/wp-content\/uploads\/2019\/11\/SP5173-NE-AMBER-1024x821.jpg\" data-width=\"2560\" src=\"https:\/\/i2.wp.com\/paredesseguridad.com\/blog\/wp-content\/uploads\/2019\/11\/SP5173-NE-AMBER-1024x821.jpg?ssl=1\"\/><\/figure><\/div><\/div><\/div><\/div>\n\n\n\n<p>El equipo Paredes, tambi\u00e9n present\u00f3 el <strong>primer calzado deportivo<\/strong> con propiedades <strong>anticorte nivel 4<\/strong>. Pedro Fuentes, director&nbsp;de&nbsp;exportaciones en Paredes, afirma <em>\u201cpresentar un calzado deportivo con estas caracter\u00edsticas signific\u00f3 toda una revoluci\u00f3n para el mercado de la protecci\u00f3n\u201d<\/em>. Tambi\u00e9n expusimos zapatos&nbsp;de&nbsp;seguridad, de la <strong>colecci\u00f3n trekking<\/strong>, con capacidad <strong>waterproof<\/strong>, preparados para soportar el trabajo en cualquier terreno y exponerse a climas hostiles.<\/p>\n\n\n\n<p>Los progresos que hemos ido consiguiendo representan una <strong>gran mejora para el mundo del calzado de la protecci\u00f3n y la salud laboral<\/strong>. Avanzamos hacia el <strong>futuro sostenible<\/strong>, por eso cada vez es m\u00e1s necesaria la incorporaci\u00f3n de productos sostenibles y ecol\u00f3gicos.<\/p>\n\n\n\n<p>Nos presentamos en la feria con la intenci\u00f3n de mostrar <strong>la calidad, el desarrollo y las innovaciones<\/strong> conseguidas en nuestros productos. Y nos hemos ido muy satisfechos por el \u00e9xito de los resultados obtenidos.<\/p>\n\n\n\n<p>Tanto si eres una tienda como un particular, no dudes en contactar con nosotros en:<\/p>\n\n\n\n<p><strong>966 630 052 |&nbsp;<a href=\"mailto:contacto@paredesseguridad.com\">CONTACTO@PAREDESSEGURIDAD.COM<\/a><\/strong><\/p>\n","protected":false},"excerpt":{"rendered":"<p>Destacamos con nuestro calzado de seguridad m\u00e1s innovador En Paredes Seguridad presentamos nuestro calzado de seguridad m\u00e1s innovador tras haber asistido, un a\u00f1o m\u00e1s, al evento internacional m\u00e1s importante de seguridad y salud en el trabajo La feria A+A abri\u00f3 sus puertas en noviembre de 2019 a las empresas de seguridad m\u00e1s importantes del mundo, [&hellip;]<\/p>\n","protected":false},"author":2,"featured_media":1010,"comment_status":"open","ping_status":"open","sticky":false,"template":"","format":"standard","meta":{"_jetpack_memberships_contains_paid_content":false,"footnotes":""},"categories":[1],"tags":[43,7,10,65,98],"class_list":["post-974","post","type-post","status-publish","format-standard","has-post-thumbnail","hentry","category-blog","tag-calzado-de-proteccion","tag-calzado-laboral","tag-calzado-profesional","tag-calzado-seguridad","tag-nuevo-calzado-de-seguridad-paredes"],"better_featured_image":{"id":1010,"alt_text":"Nuevos Desarrollos Paredes Seguridad Feria Alemania","caption":"","description":"","media_type":"image","media_details":{"width":1500,"height":1050,"file":"2019\/11\/Paredes-seguridad-Nuevos-Desarrollos-Blog.jpg","sizes":{"medium":{"file":"Paredes-seguridad-Nuevos-Desarrollos-Blog-300x210.jpg","width":300,"height":210,"mime-type":"image\/jpeg","source_url":"https:\/\/i0.wp.com\/paredesseguridad.com\/blog\/wp-content\/uploads\/2019\/11\/Paredes-seguridad-Nuevos-Desarrollos-Blog.jpg?fit=300%2C210&ssl=1"},"large":{"file":"Paredes-seguridad-Nuevos-Desarrollos-Blog-1024x717.jpg","width":1024,"height":717,"mime-type":"image\/jpeg","source_url":"https:\/\/i0.wp.com\/paredesseguridad.com\/blog\/wp-content\/uploads\/2019\/11\/Paredes-seguridad-Nuevos-Desarrollos-Blog.jpg?fit=860%2C602&ssl=1"},"thumbnail":{"file":"Paredes-seguridad-Nuevos-Desarrollos-Blog-150x150.jpg","width":150,"height":150,"mime-type":"image\/jpeg","source_url":"https:\/\/i0.wp.com\/paredesseguridad.com\/blog\/wp-content\/uploads\/2019\/11\/Paredes-seguridad-Nuevos-Desarrollos-Blog.jpg?resize=150%2C150&ssl=1"},"medium_large":{"file":"Paredes-seguridad-Nuevos-Desarrollos-Blog-768x538.jpg","width":768,"height":538,"mime-type":"image\/jpeg","source_url":"https:\/\/i0.wp.com\/paredesseguridad.com\/blog\/wp-content\/uploads\/2019\/11\/Paredes-seguridad-Nuevos-Desarrollos-Blog.jpg?fit=768%2C538&ssl=1"}},"image_meta":{"aperture":"0","credit":"","camera":"","caption":"","created_timestamp":"0","copyright":"","focal_length":"0","iso":"0","shutter_speed":"0","title":"","orientation":"0","keywords":[]}},"post":974,"source_url":"https:\/\/paredesseguridad.com\/blog\/wp-content\/uploads\/2019\/11\/Paredes-seguridad-Nuevos-Desarrollos-Blog.jpg"},"yoast_head":"<!-- This site is optimized with the Yoast SEO plugin v23.4 - https:\/\/yoast.com\/wordpress\/plugins\/seo\/ -->\n<title>Presentamos nuestro calzado m\u00e1s innovador| Paredes Seguridad<\/title>\n<meta name=\"description\" content=\"En la feria internacional m\u00e1s importante de seguridad y salud labora, A+A, presentamos nuestro calzado de seguridad m\u00e1s innovador, obteniendo un gran \u00e9xito.\" \/>\n<meta name=\"robots\" content=\"index, follow, max-snippet:-1, max-image-preview:large, max-video-preview:-1\" \/>\n<link rel=\"canonical\" href=\"https:\/\/paredesseguridad.com\/blog\/presentamos-nuestro-calzado-de-seguridad-mas-innovador-en-la-feria-aa\/\" \/>\n<meta property=\"og:locale\" content=\"es_ES\" \/>\n<meta property=\"og:type\" content=\"article\" \/>\n<meta property=\"og:title\" content=\"Presentamos nuestro calzado m\u00e1s innovador| Paredes Seguridad\" \/>\n<meta property=\"og:description\" content=\"En la feria internacional m\u00e1s importante de seguridad y salud labora, A+A, presentamos nuestro calzado de seguridad m\u00e1s innovador, obteniendo un gran \u00e9xito.\" \/>\n<meta property=\"og:url\" content=\"https:\/\/paredesseguridad.com\/blog\/presentamos-nuestro-calzado-de-seguridad-mas-innovador-en-la-feria-aa\/\" \/>\n<meta property=\"og:site_name\" content=\"Blog de Paredes Seguridad\" \/>\n<meta property=\"article:published_time\" content=\"2019-11-20T14:25:35+00:00\" \/>\n<meta property=\"article:modified_time\" content=\"2020-02-18T14:15:00+00:00\" \/>\n<meta property=\"og:image\" content=\"https:\/\/i2.wp.com\/paredesseguridad.com\/blog\/wp-content\/uploads\/2019\/11\/Paredes-seguridad-Nuevos-Desarrollos-Blog.jpg?fit=1500%2C1050&ssl=1\" \/>\n\t<meta property=\"og:image:width\" content=\"1500\" \/>\n\t<meta property=\"og:image:height\" content=\"1050\" \/>\n\t<meta property=\"og:image:type\" content=\"image\/jpeg\" \/>\n<meta name=\"author\" content=\"Paredes Seguridad Blog\" \/>\n<meta name=\"twitter:card\" content=\"summary_large_image\" \/>\n<meta name=\"twitter:label1\" content=\"Escrito por\" \/>\n\t<meta name=\"twitter:data1\" content=\"Paredes Seguridad Blog\" \/>\n\t<meta name=\"twitter:label2\" content=\"Tiempo de lectura\" \/>\n\t<meta name=\"twitter:data2\" content=\"2 minutos\" \/>\n<script type=\"application\/ld+json\" class=\"yoast-schema-graph\">{\"@context\":\"https:\/\/schema.org\",\"@graph\":[{\"@type\":\"WebPage\",\"@id\":\"https:\/\/paredesseguridad.com\/blog\/presentamos-nuestro-calzado-de-seguridad-mas-innovador-en-la-feria-aa\/\",\"url\":\"https:\/\/paredesseguridad.com\/blog\/presentamos-nuestro-calzado-de-seguridad-mas-innovador-en-la-feria-aa\/\",\"name\":\"Presentamos nuestro calzado m\u00e1s innovador| Paredes Seguridad\",\"isPartOf\":{\"@id\":\"https:\/\/paredesseguridad.com\/blog\/#website\"},\"primaryImageOfPage\":{\"@id\":\"https:\/\/paredesseguridad.com\/blog\/presentamos-nuestro-calzado-de-seguridad-mas-innovador-en-la-feria-aa\/#primaryimage\"},\"image\":{\"@id\":\"https:\/\/paredesseguridad.com\/blog\/presentamos-nuestro-calzado-de-seguridad-mas-innovador-en-la-feria-aa\/#primaryimage\"},\"thumbnailUrl\":\"https:\/\/i0.wp.com\/paredesseguridad.com\/blog\/wp-content\/uploads\/2019\/11\/Paredes-seguridad-Nuevos-Desarrollos-Blog.jpg?fit=1500%2C1050&ssl=1\",\"datePublished\":\"2019-11-20T14:25:35+00:00\",\"dateModified\":\"2020-02-18T14:15:00+00:00\",\"author\":{\"@id\":\"https:\/\/paredesseguridad.com\/blog\/#\/schema\/person\/79ea1d860750f45d2c24c5a9df19ac4f\"},\"description\":\"En la feria internacional m\u00e1s importante de seguridad y salud labora, A+A, presentamos nuestro calzado de seguridad m\u00e1s innovador, obteniendo un gran \u00e9xito.\",\"breadcrumb\":{\"@id\":\"https:\/\/paredesseguridad.com\/blog\/presentamos-nuestro-calzado-de-seguridad-mas-innovador-en-la-feria-aa\/#breadcrumb\"},\"inLanguage\":\"es\",\"potentialAction\":[{\"@type\":\"ReadAction\",\"target\":[\"https:\/\/paredesseguridad.com\/blog\/presentamos-nuestro-calzado-de-seguridad-mas-innovador-en-la-feria-aa\/\"]}]},{\"@type\":\"ImageObject\",\"inLanguage\":\"es\",\"@id\":\"https:\/\/paredesseguridad.com\/blog\/presentamos-nuestro-calzado-de-seguridad-mas-innovador-en-la-feria-aa\/#primaryimage\",\"url\":\"https:\/\/i0.wp.com\/paredesseguridad.com\/blog\/wp-content\/uploads\/2019\/11\/Paredes-seguridad-Nuevos-Desarrollos-Blog.jpg?fit=1500%2C1050&ssl=1\",\"contentUrl\":\"https:\/\/i0.wp.com\/paredesseguridad.com\/blog\/wp-content\/uploads\/2019\/11\/Paredes-seguridad-Nuevos-Desarrollos-Blog.jpg?fit=1500%2C1050&ssl=1\",\"width\":1500,\"height\":1050,\"caption\":\"Nuevos Desarrollos Paredes Seguridad Feria Alemania\"},{\"@type\":\"BreadcrumbList\",\"@id\":\"https:\/\/paredesseguridad.com\/blog\/presentamos-nuestro-calzado-de-seguridad-mas-innovador-en-la-feria-aa\/#breadcrumb\",\"itemListElement\":[{\"@type\":\"ListItem\",\"position\":1,\"name\":\"Portada\",\"item\":\"https:\/\/paredesseguridad.com\/blog\/\"},{\"@type\":\"ListItem\",\"position\":2,\"name\":\"Presentamos el nuevo calzado de Seguridad Paredes en la feria Alemana A+A\"}]},{\"@type\":\"WebSite\",\"@id\":\"https:\/\/paredesseguridad.com\/blog\/#website\",\"url\":\"https:\/\/paredesseguridad.com\/blog\/\",\"name\":\"Blog de Paredes Seguridad\",\"description\":\"Calzados Paredes es una de las grandes firmas espa\u00f1olas de calzado desde hace m\u00e1s de 55 a\u00f1os.\",\"potentialAction\":[{\"@type\":\"SearchAction\",\"target\":{\"@type\":\"EntryPoint\",\"urlTemplate\":\"https:\/\/paredesseguridad.com\/blog\/?s={search_term_string}\"},\"query-input\":{\"@type\":\"PropertyValueSpecification\",\"valueRequired\":true,\"valueName\":\"search_term_string\"}}],\"inLanguage\":\"es\"},{\"@type\":\"Person\",\"@id\":\"https:\/\/paredesseguridad.com\/blog\/#\/schema\/person\/79ea1d860750f45d2c24c5a9df19ac4f\",\"name\":\"Paredes Seguridad Blog\",\"image\":{\"@type\":\"ImageObject\",\"inLanguage\":\"es\",\"@id\":\"https:\/\/paredesseguridad.com\/blog\/#\/schema\/person\/image\/\",\"url\":\"https:\/\/secure.gravatar.com\/avatar\/f9af108c778d1b950675deeba855c317?s=96&d=mm&r=g\",\"contentUrl\":\"https:\/\/secure.gravatar.com\/avatar\/f9af108c778d1b950675deeba855c317?s=96&d=mm&r=g\",\"caption\":\"Paredes Seguridad Blog\"},\"url\":\"https:\/\/paredesseguridad.com\/blog\/author\/paredes-seguridad-blog\/\"}]}<\/script>\n<!-- \/ Yoast SEO plugin. -->","yoast_head_json":{"title":"Presentamos nuestro calzado m\u00e1s innovador| Paredes Seguridad","description":"En la feria internacional m\u00e1s importante de seguridad y salud labora, A+A, presentamos nuestro calzado de seguridad m\u00e1s innovador, obteniendo un gran \u00e9xito.","robots":{"index":"index","follow":"follow","max-snippet":"max-snippet:-1","max-image-preview":"max-image-preview:large","max-video-preview":"max-video-preview:-1"},"canonical":"https:\/\/paredesseguridad.com\/blog\/presentamos-nuestro-calzado-de-seguridad-mas-innovador-en-la-feria-aa\/","og_locale":"es_ES","og_type":"article","og_title":"Presentamos nuestro calzado m\u00e1s innovador| Paredes Seguridad","og_description":"En la feria internacional m\u00e1s importante de seguridad y salud labora, A+A, presentamos nuestro calzado de seguridad m\u00e1s innovador, obteniendo un gran \u00e9xito.","og_url":"https:\/\/paredesseguridad.com\/blog\/presentamos-nuestro-calzado-de-seguridad-mas-innovador-en-la-feria-aa\/","og_site_name":"Blog de Paredes Seguridad","article_published_time":"2019-11-20T14:25:35+00:00","article_modified_time":"2020-02-18T14:15:00+00:00","og_image":[{"width":1500,"height":1050,"url":"https:\/\/i2.wp.com\/paredesseguridad.com\/blog\/wp-content\/uploads\/2019\/11\/Paredes-seguridad-Nuevos-Desarrollos-Blog.jpg?fit=1500%2C1050&ssl=1","type":"image\/jpeg"}],"author":"Paredes Seguridad Blog","twitter_card":"summary_large_image","twitter_misc":{"Escrito por":"Paredes Seguridad Blog","Tiempo de lectura":"2 minutos"},"schema":{"@context":"https:\/\/schema.org","@graph":[{"@type":"WebPage","@id":"https:\/\/paredesseguridad.com\/blog\/presentamos-nuestro-calzado-de-seguridad-mas-innovador-en-la-feria-aa\/","url":"https:\/\/paredesseguridad.com\/blog\/presentamos-nuestro-calzado-de-seguridad-mas-innovador-en-la-feria-aa\/","name":"Presentamos nuestro calzado m\u00e1s innovador| Paredes Seguridad","isPartOf":{"@id":"https:\/\/paredesseguridad.com\/blog\/#website"},"primaryImageOfPage":{"@id":"https:\/\/paredesseguridad.com\/blog\/presentamos-nuestro-calzado-de-seguridad-mas-innovador-en-la-feria-aa\/#primaryimage"},"image":{"@id":"https:\/\/paredesseguridad.com\/blog\/presentamos-nuestro-calzado-de-seguridad-mas-innovador-en-la-feria-aa\/#primaryimage"},"thumbnailUrl":"https:\/\/i0.wp.com\/paredesseguridad.com\/blog\/wp-content\/uploads\/2019\/11\/Paredes-seguridad-Nuevos-Desarrollos-Blog.jpg?fit=1500%2C1050&ssl=1","datePublished":"2019-11-20T14:25:35+00:00","dateModified":"2020-02-18T14:15:00+00:00","author":{"@id":"https:\/\/paredesseguridad.com\/blog\/#\/schema\/person\/79ea1d860750f45d2c24c5a9df19ac4f"},"description":"En la feria internacional m\u00e1s importante de seguridad y salud labora, A+A, presentamos nuestro calzado de seguridad m\u00e1s innovador, obteniendo un gran \u00e9xito.","breadcrumb":{"@id":"https:\/\/paredesseguridad.com\/blog\/presentamos-nuestro-calzado-de-seguridad-mas-innovador-en-la-feria-aa\/#breadcrumb"},"inLanguage":"es","potentialAction":[{"@type":"ReadAction","target":["https:\/\/paredesseguridad.com\/blog\/presentamos-nuestro-calzado-de-seguridad-mas-innovador-en-la-feria-aa\/"]}]},{"@type":"ImageObject","inLanguage":"es","@id":"https:\/\/paredesseguridad.com\/blog\/presentamos-nuestro-calzado-de-seguridad-mas-innovador-en-la-feria-aa\/#primaryimage","url":"https:\/\/i0.wp.com\/paredesseguridad.com\/blog\/wp-content\/uploads\/2019\/11\/Paredes-seguridad-Nuevos-Desarrollos-Blog.jpg?fit=1500%2C1050&ssl=1","contentUrl":"https:\/\/i0.wp.com\/paredesseguridad.com\/blog\/wp-content\/uploads\/2019\/11\/Paredes-seguridad-Nuevos-Desarrollos-Blog.jpg?fit=1500%2C1050&ssl=1","width":1500,"height":1050,"caption":"Nuevos Desarrollos Paredes Seguridad Feria Alemania"},{"@type":"BreadcrumbList","@id":"https:\/\/paredesseguridad.com\/blog\/presentamos-nuestro-calzado-de-seguridad-mas-innovador-en-la-feria-aa\/#breadcrumb","itemListElement":[{"@type":"ListItem","position":1,"name":"Portada","item":"https:\/\/paredesseguridad.com\/blog\/"},{"@type":"ListItem","position":2,"name":"Presentamos el nuevo calzado de Seguridad Paredes en la feria Alemana A+A"}]},{"@type":"WebSite","@id":"https:\/\/paredesseguridad.com\/blog\/#website","url":"https:\/\/paredesseguridad.com\/blog\/","name":"Blog de Paredes Seguridad","description":"Calzados Paredes es una de las grandes firmas espa\u00f1olas de calzado desde hace m\u00e1s de 55 a\u00f1os.","potentialAction":[{"@type":"SearchAction","target":{"@type":"EntryPoint","urlTemplate":"https:\/\/paredesseguridad.com\/blog\/?s={search_term_string}"},"query-input":{"@type":"PropertyValueSpecification","valueRequired":true,"valueName":"search_term_string"}}],"inLanguage":"es"},{"@type":"Person","@id":"https:\/\/paredesseguridad.com\/blog\/#\/schema\/person\/79ea1d860750f45d2c24c5a9df19ac4f","name":"Paredes Seguridad Blog","image":{"@type":"ImageObject","inLanguage":"es","@id":"https:\/\/paredesseguridad.com\/blog\/#\/schema\/person\/image\/","url":"https:\/\/secure.gravatar.com\/avatar\/f9af108c778d1b950675deeba855c317?s=96&d=mm&r=g","contentUrl":"https:\/\/secure.gravatar.com\/avatar\/f9af108c778d1b950675deeba855c317?s=96&d=mm&r=g","caption":"Paredes Seguridad Blog"},"url":"https:\/\/paredesseguridad.com\/blog\/author\/paredes-seguridad-blog\/"}]}},"jetpack_sharing_enabled":true,"jetpack_featured_media_url":"https:\/\/i0.wp.com\/paredesseguridad.com\/blog\/wp-content\/uploads\/2019\/11\/Paredes-seguridad-Nuevos-Desarrollos-Blog.jpg?fit=1500%2C1050&ssl=1","_links":{"self":[{"href":"https:\/\/paredesseguridad.com\/blog\/wp-json\/wp\/v2\/posts\/974"}],"collection":[{"href":"https:\/\/paredesseguridad.com\/blog\/wp-json\/wp\/v2\/posts"}],"about":[{"href":"https:\/\/paredesseguridad.com\/blog\/wp-json\/wp\/v2\/types\/post"}],"author":[{"embeddable":true,"href":"https:\/\/paredesseguridad.com\/blog\/wp-json\/wp\/v2\/users\/2"}],"replies":[{"embeddable":true,"href":"https:\/\/paredesseguridad.com\/blog\/wp-json\/wp\/v2\/comments?post=974"}],"version-history":[{"count":13,"href":"https:\/\/paredesseguridad.com\/blog\/wp-json\/wp\/v2\/posts\/974\/revisions"}],"predecessor-version":[{"id":1008,"href":"https:\/\/paredesseguridad.com\/blog\/wp-json\/wp\/v2\/posts\/974\/revisions\/1008"}],"wp:featuredmedia":[{"embeddable":true,"href":"https:\/\/paredesseguridad.com\/blog\/wp-json\/wp\/v2\/media\/1010"}],"wp:attachment":[{"href":"https:\/\/paredesseguridad.com\/blog\/wp-json\/wp\/v2\/media?parent=974"}],"wp:term":[{"taxonomy":"category","embeddable":true,"href":"https:\/\/paredesseguridad.com\/blog\/wp-json\/wp\/v2\/categories?post=974"},{"taxonomy":"post_tag","embeddable":true,"href":"https:\/\/paredesseguridad.com\/blog\/wp-json\/wp\/v2\/tags?post=974"}],"curies":[{"name":"wp","href":"https:\/\/api.w.org\/{rel}","templated":true}]}}